{"id":12907,"date":"2025-01-27T16:49:41","date_gmt":"2025-01-27T13:49:41","guid":{"rendered":"https:\/\/www.egemtv.com\/?p=12907"},"modified":"2025-01-27T16:49:43","modified_gmt":"2025-01-27T13:49:43","slug":"nazilli-belediyesinden-turan-mahallesinde-kapsamli-temizlik-calismasi","status":"publish","type":"post","link":"https:\/\/www.egemtv.com\/?p=12907","title":{"rendered":"Nazilli Belediyesi\u2019nden Turan Mahallesi\u2019nde kapsaml\u0131 temizlik \u00e7al\u0131\u015fmas\u0131"},"content":{"rendered":"<p>Nazilli Belediyesi Temizlik \u0130\u015fleri M\u00fcd\u00fcrl\u00fc\u011f\u00fc ekipleri \u2018temiz \u00e7evre, sa\u011fl\u0131kl\u0131 gelecek\u2019 slogan\u0131 ile il\u00e7e genelinde ba\u015flatt\u0131\u011f\u0131 toplumsal temizlik hareketi kapsam\u0131nda Turan Mahallesi\u2019nde kapsaml\u0131 \u00e7al\u0131\u015fma ger\u00e7ekle\u015ftirdi.<\/p>\n<p>Sabah erken saatlerde \u00e7al\u0131\u015fmalara ba\u015flayan Nazilli Belediyesi ekipleri;  t\u00fcm sokak, kald\u0131r\u0131m, bo\u015f arazi ve \u00e7\u00f6p konteynerlerinin bulundu\u011fu alanlar\u0131 detayl\u0131 olarak temizledi. Park ve ye\u015fil alanlarda kapsaml\u0131 \u00e7evre d\u00fczenlemesi yapan ekipler, mahalleye ferah bir g\u00f6r\u00fcn\u00fcm kazand\u0131rd\u0131. \u00c7al\u0131\u015fmalar\u0131ndan dolay\u0131 Nazilli Belediyesi\u2019ne te\u015fekk\u00fcr eden Mahalle Muhtar\u0131 Serpil Ak\u00e7asak\u0131z, \u201cBug\u00fcn Nazilli Belediyesi mahallemize girip temizlik \u00e7al\u0131\u015fmas\u0131 yapt\u0131. Sokaklar\u0131m\u0131z detayl\u0131 olarak temizlendi. Mahallemiz rahat bir nefes ald\u0131. Belediye Ba\u015fkan\u0131m\u0131z Ertu\u011frul Tetik ve ekibine te\u015fekk\u00fcr ediyorum\u201d dedi.<br \/><\/p>\n","protected":false},"excerpt":{"rendered":"<p>Nazilli Belediyesi Temizlik \u0130\u015fleri M\u00fcd\u00fcrl\u00fc\u011f\u00fc ekipleri \u2018temiz \u00e7evre, sa\u011fl\u0131kl\u0131 gelecek\u2019 slogan\u0131 ile il\u00e7e genelinde ba\u015flatt\u0131\u011f\u0131 toplumsal temizlik hareketi kapsam\u0131nda Turan Mahallesi\u2019nde kapsaml\u0131 \u00e7al\u0131\u015fma ger\u00e7ekle\u015ftirdi. Sabah erken saatlerde \u00e7al\u0131\u015fmalara ba\u015flayan Nazilli Belediyesi ekipleri; t\u00fcm sokak, kald\u0131r\u0131m, bo\u015f arazi ve \u00e7\u00f6p konteynerlerinin bulundu\u011fu alanlar\u0131 detayl\u0131 olarak temizledi. Park ve ye\u015fil alanlarda kapsaml\u0131 \u00e7evre d\u00fczenlemesi yapan ekipler, mahalleye&#8230;<\/p>\n","protected":false},"author":1,"featured_media":12908,"comment_status":"open","ping_status":"open","sticky":false,"template":"","format":"standard","meta":{"_crdt_document":"","footnotes":""},"categories":[1],"tags":[],"class_list":["post-12907","post","type-post","status-publish","format-standard","has-post-thumbnail","hentry","category-guncel"],"_links":{"self":[{"href":"https:\/\/www.egemtv.com\/index.php?rest_route=\/wp\/v2\/posts\/12907","targetHints":{"allow":["GET"]}}],"collection":[{"href":"https:\/\/www.egemtv.com\/index.php?rest_route=\/wp\/v2\/posts"}],"about":[{"href":"https:\/\/www.egemtv.com\/index.php?rest_route=\/wp\/v2\/types\/post"}],"author":[{"embeddable":true,"href":"https:\/\/www.egemtv.com\/index.php?rest_route=\/wp\/v2\/users\/1"}],"replies":[{"embeddable":true,"href":"https:\/\/www.egemtv.com\/index.php?rest_route=%2Fwp%2Fv2%2Fcomments&post=12907"}],"version-history":[{"count":1,"href":"https:\/\/www.egemtv.com\/index.php?rest_route=\/wp\/v2\/posts\/12907\/revisions"}],"predecessor-version":[{"id":12909,"href":"https:\/\/www.egemtv.com\/index.php?rest_route=\/wp\/v2\/posts\/12907\/revisions\/12909"}],"wp:featuredmedia":[{"embeddable":true,"href":"https:\/\/www.egemtv.com\/index.php?rest_route=\/wp\/v2\/media\/12908"}],"wp:attachment":[{"href":"https:\/\/www.egemtv.com\/index.php?rest_route=%2Fwp%2Fv2%2Fmedia&parent=12907"}],"wp:term":[{"taxonomy":"category","embeddable":true,"href":"https:\/\/www.egemtv.com\/index.php?rest_route=%2Fwp%2Fv2%2Fcategories&post=12907"},{"taxonomy":"post_tag","embeddable":true,"href":"https:\/\/www.egemtv.com\/index.php?rest_route=%2Fwp%2Fv2%2Ftags&post=12907"}],"curies":[{"name":"wp","href":"https:\/\/api.w.org\/{rel}","templated":true}]}}