{"id":12889,"date":"2025-01-27T15:58:34","date_gmt":"2025-01-27T12:58:34","guid":{"rendered":"https:\/\/www.egemtv.com\/?p=12889"},"modified":"2025-01-27T15:58:36","modified_gmt":"2025-01-27T12:58:36","slug":"aydinda-1-haftada-116-aranan-sahis-yakalandi","status":"publish","type":"post","link":"https:\/\/www.egemtv.com\/?p=12889","title":{"rendered":"Ayd\u0131n\u2019da 1 haftada 116 aranan \u015fah\u0131s yakaland\u0131"},"content":{"rendered":"<p>Ayd\u0131n\u2019da emniyet ekiplerince yap\u0131lan 1 haftal\u0131k \u00e7al\u0131\u015fmalarda \u00e7e\u015fitli su\u00e7lardan aranan 116 \u015fah\u0131s yakaland\u0131.<\/p>\n<p>Ayd\u0131n \u0130l Emniyet M\u00fcd\u00fcrl\u00fc\u011f\u00fc koordinesinde aranan \u015fah\u0131slar\u0131n yakalanmas\u0131na y\u00f6nelik y\u00fcr\u00fct\u00fclen \u00e7al\u0131\u015fmalar aral\u0131ks\u0131z devam ediyor. Bu kapsamda 20-26 Ocak tarihleri aras\u0131nda il genelinde yap\u0131lan \u00e7al\u0131\u015fmalarda toplam 22 bin 247 \u015fahs\u0131n sorgusu yap\u0131ld\u0131. Yap\u0131lan sorgulamalar ve \u00e7al\u0131\u015fmalar sonucunda \u00e7e\u015fitli su\u00e7lardan aranan 116 \u015fah\u0131s yakaland\u0131, 65 \u015fah\u0131s tutukland\u0131. Yap\u0131lan aramalarda ise 8 adet tabanca, 9 adet pompal\u0131 t\u00fcfek, 96 adet fi\u015fek, 48 gram uyu\u015fturucu madde, 11 adet uyu\u015fturucu hap ele ge\u00e7irildi. Ayr\u0131ca faili me\u00e7hul 21 h\u0131rs\u0131zl\u0131k olay\u0131 da ayd\u0131nlat\u0131ld\u0131. Trafik y\u00f6n\u00fcnden yap\u0131lan \u00e7al\u0131\u015fmalarda ise 18 bin 258 arac\u0131n sorgusu yap\u0131ld\u0131. Trafik kurallar\u0131na uymad\u0131\u011f\u0131 tespit edilen 81 ara\u00e7 trafikten men edildi, 3 bin 854 ara\u00e7 s\u00fcr\u00fcc\u00fcs\u00fcne cezai i\u015flem uyguland\u0131.<br \/><\/p>\n","protected":false},"excerpt":{"rendered":"<p>Ayd\u0131n\u2019da emniyet ekiplerince yap\u0131lan 1 haftal\u0131k \u00e7al\u0131\u015fmalarda \u00e7e\u015fitli su\u00e7lardan aranan 116 \u015fah\u0131s yakaland\u0131. Ayd\u0131n \u0130l Emniyet M\u00fcd\u00fcrl\u00fc\u011f\u00fc koordinesinde aranan \u015fah\u0131slar\u0131n yakalanmas\u0131na y\u00f6nelik y\u00fcr\u00fct\u00fclen \u00e7al\u0131\u015fmalar aral\u0131ks\u0131z devam ediyor. Bu kapsamda 20-26 Ocak tarihleri aras\u0131nda il genelinde yap\u0131lan \u00e7al\u0131\u015fmalarda toplam 22 bin 247 \u015fahs\u0131n sorgusu yap\u0131ld\u0131. Yap\u0131lan sorgulamalar ve \u00e7al\u0131\u015fmalar sonucunda \u00e7e\u015fitli su\u00e7lardan aranan 116 \u015fah\u0131s yakaland\u0131,&#8230;<\/p>\n","protected":false},"author":1,"featured_media":12890,"comment_status":"open","ping_status":"open","sticky":false,"template":"","format":"standard","meta":{"_crdt_document":"","footnotes":""},"categories":[5],"tags":[],"class_list":["post-12889","post","type-post","status-publish","format-standard","has-post-thumbnail","hentry","category-asayis"],"_links":{"self":[{"href":"https:\/\/www.egemtv.com\/index.php?rest_route=\/wp\/v2\/posts\/12889","targetHints":{"allow":["GET"]}}],"collection":[{"href":"https:\/\/www.egemtv.com\/index.php?rest_route=\/wp\/v2\/posts"}],"about":[{"href":"https:\/\/www.egemtv.com\/index.php?rest_route=\/wp\/v2\/types\/post"}],"author":[{"embeddable":true,"href":"https:\/\/www.egemtv.com\/index.php?rest_route=\/wp\/v2\/users\/1"}],"replies":[{"embeddable":true,"href":"https:\/\/www.egemtv.com\/index.php?rest_route=%2Fwp%2Fv2%2Fcomments&post=12889"}],"version-history":[{"count":1,"href":"https:\/\/www.egemtv.com\/index.php?rest_route=\/wp\/v2\/posts\/12889\/revisions"}],"predecessor-version":[{"id":12891,"href":"https:\/\/www.egemtv.com\/index.php?rest_route=\/wp\/v2\/posts\/12889\/revisions\/12891"}],"wp:featuredmedia":[{"embeddable":true,"href":"https:\/\/www.egemtv.com\/index.php?rest_route=\/wp\/v2\/media\/12890"}],"wp:attachment":[{"href":"https:\/\/www.egemtv.com\/index.php?rest_route=%2Fwp%2Fv2%2Fmedia&parent=12889"}],"wp:term":[{"taxonomy":"category","embeddable":true,"href":"https:\/\/www.egemtv.com\/index.php?rest_route=%2Fwp%2Fv2%2Fcategories&post=12889"},{"taxonomy":"post_tag","embeddable":true,"href":"https:\/\/www.egemtv.com\/index.php?rest_route=%2Fwp%2Fv2%2Ftags&post=12889"}],"curies":[{"name":"wp","href":"https:\/\/api.w.org\/{rel}","templated":true}]}}