{"id":12886,"date":"2025-01-27T15:55:42","date_gmt":"2025-01-27T12:55:42","guid":{"rendered":"https:\/\/www.egemtv.com\/?p=12886"},"modified":"2025-01-27T15:55:44","modified_gmt":"2025-01-27T12:55:44","slug":"mugla-buyuksehirden-ogrencilere-tatil-etkinligi","status":"publish","type":"post","link":"https:\/\/www.egemtv.com\/?p=12886","title":{"rendered":"Mu\u011fla B\u00fcy\u00fck\u015fehir\u2019den \u00f6\u011frencilere tatil etkinli\u011fi"},"content":{"rendered":"<p>Mu\u011fla\u2019da yar\u0131y\u0131l tatilinde \u00e7ocuklar \u00e7e\u015fitli etkinliklerle tatilin tad\u0131n\u0131 \u00e7\u0131kar\u0131yor. 20 Ocak\u2019ta ba\u015flayan yar\u0131y\u0131l tatili heyecan\u0131 3 \u015eubat Pazartesi g\u00fcn\u00fc ders zili ile sona erecek. \u00c7ocuklar\u0131n tatil s\u00fcresince verimli vakit ge\u00e7irmesini ama\u00e7layan Mu\u011fla B\u00fcy\u00fck\u015fehir Belediyesi; Buz Paten Pisti, \u00c7ocuk Film G\u00fcnleri, \u00c7ocuk At\u00f6lyeleri, Resim At\u00f6lyeleri, Felsefe At\u00f6lyeleri ve k\u00fct\u00fcphaneleriyle \u00e7ocuklar\u0131n tatilini e\u011flenceli hale getiriyor.<br \/>\n<br \/>\u00c7ocuklara ger\u00e7ek sinema deneyimi<br \/>\n<br \/>Mu\u011fla\u2019n\u0131n her il\u00e7esinden \u00e7ocuklar\u0131n kat\u0131labilece\u011fi ve \u00fccretsiz olan \u00c7ocuk Film G\u00fcnleri ise \u00f6zellikle k\u0131rsalda daha \u00f6nce sinema deneyimi olmayan \u00e7ocuklar\u0131n hayalini ger\u00e7ekle\u015ftiriyor. T\u00fcrkan Saylan \u00c7a\u011fda\u015f Ya\u015fam Merkezi\u2019nde yap\u0131lan etkinlikte film izlemeye gelen \u00e7ocuklar \u00f6nce biletlerini ard\u0131ndan da patlam\u0131\u015f m\u0131s\u0131rlar\u0131n\u0131 alarak ger\u00e7ek bir sinema deneyimi ya\u015f\u0131yor. G\u00fcnde yakla\u015f\u0131k 150 \u00e7ocu\u011fun kat\u0131ld\u0131\u011f\u0131 etkinlikte 2 ayr\u0131 film g\u00f6sterimi yap\u0131l\u0131yor. 1 \u015eubat\u2019a kadar devam edecek etkinlikte 13.00 ve 16.00 saatlerinde g\u00f6sterilen filmler \u00e7ocuklara ne\u015fe oluyor.<br \/>\n<br \/>Buz paten pisti yar\u0131y\u0131l tatilinin sonuna kadar a\u00e7\u0131k<br \/>\n<br \/>Y\u0131lba\u015f\u0131 Festivali\u2019nden bu yana her ya\u015fa hizmet eden Buz Paten Pisti, \u00f6zellikle ilk defa buz pateni yapan \u00f6\u011frencilerin g\u00f6zdesi haline geldi. Kent Meydan\u0131\u2019nda bulunan Pist, hem profesyonel kay\u0131c\u0131lara hem de yeni ba\u015flayanlara g\u00fcvenli ve e\u011flenceli bir ortam sunuyor. Pist, hafta i\u00e7i saat 14.00 ile 22.00, hafta sonu ise 10.00 ile 24.00\u2019a kadar misafirlerini a\u011f\u0131rl\u0131yor. Buz Paten Pisti, sadece spor yapmak i\u00e7in de\u011fil, ayn\u0131 zamanda sosyalle\u015fmek ve yeni arkada\u015fl\u0131klar kurmak i\u00e7in de ideal bir yer haline geldi.<br \/>\n<br \/>Hem e\u011flence, hem bilim<br \/>\n<br \/>\u00d6te yandan, \u00e7ocuklar\u0131n hem e\u011flenip hem de \u00f6\u011frenebilece\u011fi keyifli etkinlikler T\u00fcrkan Saylan \u00c7a\u011fda\u015f Ya\u015fam Merkezi\u2019nde yap\u0131lan at\u00f6lyeler arac\u0131l\u0131\u011f\u0131yla sunuluyor. 7-10 ya\u015f aras\u0131 \u00e7ocuklara y\u00f6nelik Resim At\u00f6lyesi, onlar\u0131n yenilik\u00e7i fikirlerini geli\u015ftirmeyi hedeflerken, sanatla i\u00e7 i\u00e7e bir ortamda kendilerini ifade etmelerine imkan tan\u0131yor. \u00c7ocuk At\u00f6lyeleri ise yine ayn\u0131 ya\u015f grubuna hitap ederek \u00e7ocuklar\u0131n el becerilerini, problem \u00e7\u00f6zme yeteneklerini ve grup \u00e7al\u0131\u015fmalar\u0131ndaki uyumlar\u0131n\u0131 geli\u015ftirecek etkinliklerle dikkat \u00e7ekiyor.<br \/>\n<br \/>9-12 ya\u015f aras\u0131 \u00e7ocuklara \u00f6zel olarak d\u00fczenlenen Felsefe At\u00f6lyesi ise \u00e7ocuklar\u0131n d\u00fc\u015f\u00fcnce becerilerini geli\u015ftirmeyi, sorgulama al\u0131\u015fkanl\u0131\u011f\u0131 kazand\u0131rmay\u0131 ve farkl\u0131 bak\u0131\u015f a\u00e7\u0131lar\u0131n\u0131 ke\u015ffetmelerine yard\u0131mc\u0131 olmay\u0131 ama\u00e7l\u0131yor. Bu at\u00f6lye, \u00e7ocuklar\u0131n ele\u015ftirel d\u00fc\u015f\u00fcnme kapasitelerini art\u0131rarak onlar\u0131n hem bireysel hem de sosyal geli\u015fimlerine katk\u0131 sa\u011fl\u0131yor.<br \/>\n<br \/>Mu\u011fla B\u00fcy\u00fck\u015fehir Belediyesi T\u00fcrkan Saylan \u00c7a\u011fda\u015f Ya\u015fam Merkezi i\u00e7erisindeki 37 bin kitapl\u0131k k\u00fct\u00fcphaneleri ve ders \u00e7al\u0131\u015fma alanlar\u0131 ile tatilde de gen\u00e7lere hizmet vermeye devam ediyor. Tatilin ilk yar\u0131s\u0131nda B\u00fcy\u00fck\u015fehir k\u00fct\u00fcphanelerini 2 bin ki\u015fi ziyaret ederken 780 kitap da \u00f6d\u00fcn\u00e7 verildi. Ders \u00e7al\u0131\u015fma alanlar\u0131 da gen\u00e7ler taraf\u0131ndan tercih ediliyor.<br \/>\n<br \/>Ba\u015fkan Aras, \u201cBug\u00fcn\u00fcn mutlu \u00e7ocuklar\u0131 yar\u0131n\u0131n g\u00fc\u00e7l\u00fc bireyleri olacak\u201d<br \/>\n<br \/>\u00c7ocuklara de\u011ferli olduklar\u0131n\u0131 hissettirmenin \u00f6nemine de\u011finen Mu\u011fla B\u00fcy\u00fck\u015fehir Belediye Ba\u015fkan\u0131 Ahmet Aras, \u201c\u00c7ocuklar bizim en b\u00fcy\u00fck de\u011ferimiz, gelece\u011fe olan umudumuz ve ta\u015f\u0131d\u0131\u011f\u0131m\u0131z en \u00f6nemli sorumluluktur. Mu\u011fla B\u00fcy\u00fck\u015fehir Belediyesi olarak \u00e7ocuklar\u0131m\u0131z\u0131n mutlulu\u011funu, e\u011fitimini ve geli\u015fimini her \u015feyin \u00fcst\u00fcnde tutuyoruz. \u00c7\u00fcnk\u00fc biliyoruz ki, bug\u00fcn\u00fcn mutlu ve \u00f6zg\u00fcvenli \u00e7ocuklar\u0131, yar\u0131n\u0131n g\u00fc\u00e7l\u00fc ve bilin\u00e7li bireyleri olacakt\u0131r.<br \/>\n<br \/>Yar\u0131y\u0131l tatili, \u00e7ocuklar\u0131m\u0131z\u0131n bir nebze soluklan\u0131p hayal g\u00fc\u00e7lerini \u00f6zg\u00fcr b\u0131rakabilecekleri, yeteneklerini ke\u015ffedebilecekleri bir d\u00f6nemdir. Biz de bu tatil s\u00fcrecini, onlara yaln\u0131zca e\u011flence sunmak i\u00e7in de\u011fil, ayn\u0131 zamanda gelecekte daha g\u00fc\u00e7l\u00fc bireyler olmalar\u0131na katk\u0131 sa\u011flayacak bir f\u0131rsat olarak g\u00f6r\u00fcyoruz.<br \/>\n<br \/>D\u00fczenledi\u011fimiz t\u00fcm etkinliklerde temel amac\u0131m\u0131z, \u00e7ocuklar\u0131m\u0131za \u201cde\u011ferli\u201d olduklar\u0131n\u0131 hissettirmek ve onlar\u0131 gelece\u011fe daha donan\u0131ml\u0131 bir \u015fekilde haz\u0131rlamakt\u0131r. Onlar\u0131n y\u00fcz\u00fcndeki bir g\u00fcl\u00fcmseme, bizler i\u00e7in en b\u00fcy\u00fck motivasyon kayna\u011f\u0131d\u0131r. Bu sebeple \u00e7ocuklar\u0131m\u0131z\u0131n geli\u015fimine katk\u0131 sa\u011flayacak projelere devam edece\u011fiz\u201d \u015feklinde konu\u015ftu.<br \/><\/p>\n","protected":false},"excerpt":{"rendered":"<p>Mu\u011fla\u2019da yar\u0131y\u0131l tatilinde \u00e7ocuklar \u00e7e\u015fitli etkinliklerle tatilin tad\u0131n\u0131 \u00e7\u0131kar\u0131yor. 20 Ocak\u2019ta ba\u015flayan yar\u0131y\u0131l tatili heyecan\u0131 3 \u015eubat Pazartesi g\u00fcn\u00fc ders zili ile sona erecek. \u00c7ocuklar\u0131n tatil s\u00fcresince verimli vakit ge\u00e7irmesini ama\u00e7layan Mu\u011fla B\u00fcy\u00fck\u015fehir Belediyesi; Buz Paten Pisti, \u00c7ocuk Film G\u00fcnleri, \u00c7ocuk At\u00f6lyeleri, Resim At\u00f6lyeleri, Felsefe At\u00f6lyeleri ve k\u00fct\u00fcphaneleriyle \u00e7ocuklar\u0131n tatilini e\u011flenceli hale getiriyor. \u00c7ocuklara ger\u00e7ek&#8230;<\/p>\n","protected":false},"author":1,"featured_media":12887,"comment_status":"open","ping_status":"open","sticky":false,"template":"","format":"standard","meta":{"_crdt_document":"","footnotes":""},"categories":[1],"tags":[],"class_list":["post-12886","post","type-post","status-publish","format-standard","has-post-thumbnail","hentry","category-guncel"],"_links":{"self":[{"href":"https:\/\/www.egemtv.com\/index.php?rest_route=\/wp\/v2\/posts\/12886","targetHints":{"allow":["GET"]}}],"collection":[{"href":"https:\/\/www.egemtv.com\/index.php?rest_route=\/wp\/v2\/posts"}],"about":[{"href":"https:\/\/www.egemtv.com\/index.php?rest_route=\/wp\/v2\/types\/post"}],"author":[{"embeddable":true,"href":"https:\/\/www.egemtv.com\/index.php?rest_route=\/wp\/v2\/users\/1"}],"replies":[{"embeddable":true,"href":"https:\/\/www.egemtv.com\/index.php?rest_route=%2Fwp%2Fv2%2Fcomments&post=12886"}],"version-history":[{"count":1,"href":"https:\/\/www.egemtv.com\/index.php?rest_route=\/wp\/v2\/posts\/12886\/revisions"}],"predecessor-version":[{"id":12888,"href":"https:\/\/www.egemtv.com\/index.php?rest_route=\/wp\/v2\/posts\/12886\/revisions\/12888"}],"wp:featuredmedia":[{"embeddable":true,"href":"https:\/\/www.egemtv.com\/index.php?rest_route=\/wp\/v2\/media\/12887"}],"wp:attachment":[{"href":"https:\/\/www.egemtv.com\/index.php?rest_route=%2Fwp%2Fv2%2Fmedia&parent=12886"}],"wp:term":[{"taxonomy":"category","embeddable":true,"href":"https:\/\/www.egemtv.com\/index.php?rest_route=%2Fwp%2Fv2%2Fcategories&post=12886"},{"taxonomy":"post_tag","embeddable":true,"href":"https:\/\/www.egemtv.com\/index.php?rest_route=%2Fwp%2Fv2%2Ftags&post=12886"}],"curies":[{"name":"wp","href":"https:\/\/api.w.org\/{rel}","templated":true}]}}