{"id":12883,"date":"2025-01-27T15:49:19","date_gmt":"2025-01-27T12:49:19","guid":{"rendered":"https:\/\/www.egemtv.com\/?p=12883"},"modified":"2025-01-27T15:49:21","modified_gmt":"2025-01-27T12:49:21","slug":"dogaseverlerden-latmos-kosesi-cagrisi","status":"publish","type":"post","link":"https:\/\/www.egemtv.com\/?p=12883","title":{"rendered":"Do\u011faseverlerden, \u2018Latmos k\u00f6\u015fesi\u2019 \u00e7a\u011fr\u0131s\u0131"},"content":{"rendered":"<p>\u00d6nemli kaya resimleri ile tarih \u00f6ncesi d\u00f6nemlere ev sahipli\u011fi yapt\u0131\u011f\u0131 bilinen Latmos\u2019ta her ge\u00e7en yeni kaya resimleri bulunurken, Ekosistemi Koruma ve Do\u011fa Sevenler Derne\u011fi (EKODOSD) Ba\u015fkan\u0131 Bahattin S\u00fcr\u00fcc\u00fc, Arkeoloji M\u00fczesi\u2019ne \u00e7a\u011fr\u0131da bulunarak m\u00fczede Latmos k\u00f6\u015fesi olu\u015fturulmas\u0131n\u0131 talep etti.<\/p>\n<p>Ge\u00e7mi\u015finde bir\u00e7ok medeniyete ev sahipli\u011fi yapan ve adeta a\u00e7\u0131k hava m\u00fczesi \u00f6zelli\u011fi ta\u015f\u0131yan Ayd\u0131n, her ge\u00e7en g\u00fcn cazibesini art\u0131rmaya devam ederken, do\u011fal g\u00fczellikleri ve tarihi yap\u0131s\u0131yla dikkat \u00e7eken yerlerden olan Latmos da\u011flar\u0131 da tarihin gizemini ke\u015ffetmek isteyen yerli ve yabanc\u0131 turistlerin rotas\u0131na giriyor. B\u00f6lgenin korunmas\u0131 ve tarihi \u00f6neminin ortaya \u00e7\u0131kar\u0131lmas\u0131 ad\u0131na y\u00fcr\u00fct\u00fclen ara\u015ft\u0131rmalar da h\u0131z kesmezken, Latmos\u2019un sahip oldu\u011fu \u00f6nemli kaya resimleri de tarih \u00f6ncesi d\u00f6nemlere \u0131\u015f\u0131k tutuyor. Alman Arkeolog Dr. Anneliese Peschlow taraf\u0131ndan 1994 y\u0131l\u0131nda ke\u015ffedilen ve Bat\u0131 Anadolu\u2019da bilinen ilk tarih \u00f6ncesi kaya resimleri olma \u00f6zelli\u011fi ta\u015f\u0131yan Karadere kaya resimlerinin \u00f6nemine dikkat \u00e7eken Ekosistemi Koruma ve Do\u011fa Sevenler Derne\u011fi (EKODOSD) ise Ayd\u0131n Arkeoloji M\u00fczesi\u2019ne \u00e7a\u011fr\u0131da bulundu. M\u00fczede il genelindeki bir\u00e7ok tarihi eserin bir arada sergilenmesinin ve korunmas\u0131n\u0131n \u00f6nemli oldu\u011funu ifade eden EKODOSD Ba\u015fkan\u0131 Bahattin S\u00fcr\u00fcc\u00fc, m\u00fcze i\u00e7erisinde Latmos\u2019a ait bir b\u00f6l\u00fcm\u00fcn olmad\u0131\u011f\u0131n\u0131 ve 8 bin y\u0131ll\u0131k kaya resimlerinin sergilendi\u011fi bir k\u00f6\u015fenin yap\u0131lmas\u0131n\u0131 talep etti.<\/p>\n<p>Bug\u00fcne kadar bulunan yeni resimlerle birlikte say\u0131lar\u0131 200\u2019e ula\u015fan, konu ve \u00fcslup a\u00e7\u0131s\u0131ndan benzersiz \u00f6zelliklere sahip Latmos kaya resimlerini tan\u0131tmak i\u00e7in bir k\u00f6\u015fenin olmas\u0131n\u0131n gerekti\u011fini belirten S\u00fcr\u00fcc\u00fc, \u201cMuhte\u015fem eserlerin bulundu\u011fu m\u00fczede \u00fcz\u00fcld\u00fc\u011f\u00fcm\u00fcz tek konu, b\u00f6lgemizin en eski tarihinin bulundu\u011fu ve Ayd\u0131n turizminin \u00f6nde gelen destinasyonlar\u0131ndan biri haline gelecek olan Latmos(Be\u015fparmak) Da\u011flar\u0131 ile ilgili, m\u00fczenin arka duvar\u0131nda ya\u011fl\u0131 boyayla \u00e7izilmi\u015f bir da\u011f resmi ve okunmas\u0131 pek m\u00fcmk\u00fcn olmayan birka\u00e7 sat\u0131r yaz\u0131 oldu. Latmos\u2019un b\u00fcnyesinde bar\u0131nd\u0131rd\u0131\u011f\u0131 ola\u011fan\u00fcst\u00fc \u00f6zellikleri bir yana, m\u00fczenin i\u00e7inde sadece tarih \u00f6ncesi resimlerin sergilendi\u011fi bir k\u00f6\u015fe dahi yap\u0131lsa, m\u00fczeye gelen ziyaret\u00e7ilerin en \u00e7ok ilgisini \u00e7eken yerlerden biri haline gelir ve bu konuda herkes bilgi sahibi olabilir. B\u00f6yle bir d\u00fc\u015f\u00fcnce olu\u015fursa biz de elimizden geldi\u011fince yard\u0131mc\u0131 olmaya \u00e7al\u0131\u015f\u0131r\u0131z. Bu konuda m\u00fcze m\u00fcd\u00fcrl\u00fc\u011f\u00fcne ba\u015fvuruda bulunaca\u011f\u0131z\u201d dedi.<br \/><\/p>\n","protected":false},"excerpt":{"rendered":"<p>\u00d6nemli kaya resimleri ile tarih \u00f6ncesi d\u00f6nemlere ev sahipli\u011fi yapt\u0131\u011f\u0131 bilinen Latmos\u2019ta her ge\u00e7en yeni kaya resimleri bulunurken, Ekosistemi Koruma ve Do\u011fa Sevenler Derne\u011fi (EKODOSD) Ba\u015fkan\u0131 Bahattin S\u00fcr\u00fcc\u00fc, Arkeoloji M\u00fczesi\u2019ne \u00e7a\u011fr\u0131da bulunarak m\u00fczede Latmos k\u00f6\u015fesi olu\u015fturulmas\u0131n\u0131 talep etti. Ge\u00e7mi\u015finde bir\u00e7ok medeniyete ev sahipli\u011fi yapan ve adeta a\u00e7\u0131k hava m\u00fczesi \u00f6zelli\u011fi ta\u015f\u0131yan Ayd\u0131n, her ge\u00e7en g\u00fcn&#8230;<\/p>\n","protected":false},"author":1,"featured_media":12884,"comment_status":"open","ping_status":"open","sticky":false,"template":"","format":"standard","meta":{"_crdt_document":"","footnotes":""},"categories":[1],"tags":[],"class_list":["post-12883","post","type-post","status-publish","format-standard","has-post-thumbnail","hentry","category-guncel"],"_links":{"self":[{"href":"https:\/\/www.egemtv.com\/index.php?rest_route=\/wp\/v2\/posts\/12883","targetHints":{"allow":["GET"]}}],"collection":[{"href":"https:\/\/www.egemtv.com\/index.php?rest_route=\/wp\/v2\/posts"}],"about":[{"href":"https:\/\/www.egemtv.com\/index.php?rest_route=\/wp\/v2\/types\/post"}],"author":[{"embeddable":true,"href":"https:\/\/www.egemtv.com\/index.php?rest_route=\/wp\/v2\/users\/1"}],"replies":[{"embeddable":true,"href":"https:\/\/www.egemtv.com\/index.php?rest_route=%2Fwp%2Fv2%2Fcomments&post=12883"}],"version-history":[{"count":1,"href":"https:\/\/www.egemtv.com\/index.php?rest_route=\/wp\/v2\/posts\/12883\/revisions"}],"predecessor-version":[{"id":12885,"href":"https:\/\/www.egemtv.com\/index.php?rest_route=\/wp\/v2\/posts\/12883\/revisions\/12885"}],"wp:featuredmedia":[{"embeddable":true,"href":"https:\/\/www.egemtv.com\/index.php?rest_route=\/wp\/v2\/media\/12884"}],"wp:attachment":[{"href":"https:\/\/www.egemtv.com\/index.php?rest_route=%2Fwp%2Fv2%2Fmedia&parent=12883"}],"wp:term":[{"taxonomy":"category","embeddable":true,"href":"https:\/\/www.egemtv.com\/index.php?rest_route=%2Fwp%2Fv2%2Fcategories&post=12883"},{"taxonomy":"post_tag","embeddable":true,"href":"https:\/\/www.egemtv.com\/index.php?rest_route=%2Fwp%2Fv2%2Ftags&post=12883"}],"curies":[{"name":"wp","href":"https:\/\/api.w.org\/{rel}","templated":true}]}}