{"id":12880,"date":"2025-01-27T15:46:18","date_gmt":"2025-01-27T12:46:18","guid":{"rendered":"https:\/\/www.egemtv.com\/?p=12880"},"modified":"2025-01-27T15:46:21","modified_gmt":"2025-01-27T12:46:21","slug":"kayak-kazasinda-vefat-eden-astsbuay-torenle-ugurlandi","status":"publish","type":"post","link":"https:\/\/www.egemtv.com\/?p=12880","title":{"rendered":"Kayak kazas\u0131nda vefat eden Astsbuay t\u00f6renle u\u011furland\u0131"},"content":{"rendered":"<p>Erzincan\u2019da kayak yaparken s\u0131rada ge\u00e7irdi\u011fi kaza nedeniyle a\u011f\u0131r yaralanan ve kald\u0131r\u0131ld\u0131\u011f\u0131 hastanede ya\u015fam\u0131n\u0131 yitiren Astsubay \u00c7avu\u015f Muharrem Abban, memleketi Denizli\u2019de askeri t\u00f6renle son yolculu\u011funa u\u011furland\u0131.<\/p>\n<p>Olay, 25 Ocak Cumartesi g\u00fcn\u00fc \u00f6\u011fle saatlerinde Erzincan\u2019da meydana geldi. Hobi olarak profesyonel kayak yapan Muharrem Abban (23), arkada\u015flar\u0131yla birlikte kayak yapt\u0131\u011f\u0131 s\u0131ras\u0131nda talihsiz kaza sonucu gen\u00e7 astsubay a\u011f\u0131r yaraland\u0131. 26 Ocak 2002 do\u011fumlu olan ve 23. ya\u015f\u0131na girmesi beklenen Abban, kaza ihbar\u0131yla b\u00f6lgeye sevk edilen sa\u011fl\u0131k ekipleri taraf\u0131ndan olay yerinde yap\u0131lan ilk m\u00fcdahalenin ard\u0131ndan hastaneye kald\u0131r\u0131ld\u0131. A\u011f\u0131r yaral\u0131 olarak tedavi alt\u0131na al\u0131nan Abban, t\u00fcm \u00e7abalara ra\u011fmen ayn\u0131 gece saatlerinde hayat\u0131n\u0131 kaybetti. Erzincan\u2019da g\u00f6rev arkada\u015flar\u0131 taraf\u0131ndan d\u00fczenlenen t\u00f6renle memleketi Denizli\u2019ye u\u011furlanan Muharrem Abban\u2019\u0131n cenazesi bug\u00fcn Hilal Camii\u2019nde t\u00f6renle son yolculu\u011funa u\u011furland\u0131. Gen\u00e7 astsubay\u0131n cenaze t\u00f6renine Denizli Valisi \u00d6mer Faruk Co\u015fkun, Denizli B\u00fcy\u00fck\u015fehir Belediye Ba\u015fkan\u0131 B\u00fclent Nuri \u00c7avu\u015fo\u011flu, Merkezefendi Belediye Ba\u015fkan\u0131 \u015eeniz Do\u011fan, 11 Piyade Tugay Komutan Yard\u0131mc\u0131s\u0131 Piyade Albay Ertan Davi, \u0130l Jandarma Komutan\u0131 Albay H\u0131d\u0131r Ay\u00e7i\u00e7ek, \u0130l Emniyet M\u00fcd\u00fcr\u00fc Yavuz Sa\u011fd\u0131\u00e7, Erzincan 3. Ordu Komutanl\u0131\u011f\u0131\u2019nda g\u00f6rev yapan Astsubay \u00c7avu\u015f Muharrem Abban\u2019\u0131n g\u00f6rev arkada\u015flar\u0131, ailesi ve yak\u0131nlar\u0131 kat\u0131ld\u0131. Hilal Camii\u2019nde k\u0131l\u0131nan cenaze namaz\u0131n\u0131n ard\u0131ndan astsubay\u0131n naa\u015f\u0131 \u00c7akmak Mezarl\u0131\u011f\u0131nda topra\u011fa verildi.<\/p>\n<p>Cenaze t\u00f6reninde hayat\u0131n\u0131 kaybeden gen\u00e7 astsubay\u0131n babas\u0131 Mustafa Abban, annesi \u00c7i\u011fdem, k\u0131z karde\u015fi Merve Abban g\u00f6zya\u015flar\u0131na hakim olamad\u0131. Muharrem Abban\u2019\u0131n T\u00fcrk bayra\u011f\u0131na sar\u0131l\u0131 tabutuna sar\u0131lan anne \u00c7i\u011fdem Abban\u2019\u0131 yak\u0131nlar\u0131n\u0131n teselli etmeye \u00e7al\u0131\u015ft\u0131\u011f\u0131 g\u00f6r\u00fcld\u00fc.<br \/><\/p>\n","protected":false},"excerpt":{"rendered":"<p>Erzincan\u2019da kayak yaparken s\u0131rada ge\u00e7irdi\u011fi kaza nedeniyle a\u011f\u0131r yaralanan ve kald\u0131r\u0131ld\u0131\u011f\u0131 hastanede ya\u015fam\u0131n\u0131 yitiren Astsubay \u00c7avu\u015f Muharrem Abban, memleketi Denizli\u2019de askeri t\u00f6renle son yolculu\u011funa u\u011furland\u0131. Olay, 25 Ocak Cumartesi g\u00fcn\u00fc \u00f6\u011fle saatlerinde Erzincan\u2019da meydana geldi. Hobi olarak profesyonel kayak yapan Muharrem Abban (23), arkada\u015flar\u0131yla birlikte kayak yapt\u0131\u011f\u0131 s\u0131ras\u0131nda talihsiz kaza sonucu gen\u00e7 astsubay a\u011f\u0131r yaraland\u0131&#8230;.<\/p>\n","protected":false},"author":1,"featured_media":12881,"comment_status":"open","ping_status":"open","sticky":false,"template":"","format":"standard","meta":{"_crdt_document":"","footnotes":""},"categories":[5],"tags":[],"class_list":["post-12880","post","type-post","status-publish","format-standard","has-post-thumbnail","hentry","category-asayis"],"_links":{"self":[{"href":"https:\/\/www.egemtv.com\/index.php?rest_route=\/wp\/v2\/posts\/12880","targetHints":{"allow":["GET"]}}],"collection":[{"href":"https:\/\/www.egemtv.com\/index.php?rest_route=\/wp\/v2\/posts"}],"about":[{"href":"https:\/\/www.egemtv.com\/index.php?rest_route=\/wp\/v2\/types\/post"}],"author":[{"embeddable":true,"href":"https:\/\/www.egemtv.com\/index.php?rest_route=\/wp\/v2\/users\/1"}],"replies":[{"embeddable":true,"href":"https:\/\/www.egemtv.com\/index.php?rest_route=%2Fwp%2Fv2%2Fcomments&post=12880"}],"version-history":[{"count":1,"href":"https:\/\/www.egemtv.com\/index.php?rest_route=\/wp\/v2\/posts\/12880\/revisions"}],"predecessor-version":[{"id":12882,"href":"https:\/\/www.egemtv.com\/index.php?rest_route=\/wp\/v2\/posts\/12880\/revisions\/12882"}],"wp:featuredmedia":[{"embeddable":true,"href":"https:\/\/www.egemtv.com\/index.php?rest_route=\/wp\/v2\/media\/12881"}],"wp:attachment":[{"href":"https:\/\/www.egemtv.com\/index.php?rest_route=%2Fwp%2Fv2%2Fmedia&parent=12880"}],"wp:term":[{"taxonomy":"category","embeddable":true,"href":"https:\/\/www.egemtv.com\/index.php?rest_route=%2Fwp%2Fv2%2Fcategories&post=12880"},{"taxonomy":"post_tag","embeddable":true,"href":"https:\/\/www.egemtv.com\/index.php?rest_route=%2Fwp%2Fv2%2Ftags&post=12880"}],"curies":[{"name":"wp","href":"https:\/\/api.w.org\/{rel}","templated":true}]}}