{"id":12877,"date":"2025-01-27T15:43:15","date_gmt":"2025-01-27T12:43:15","guid":{"rendered":"https:\/\/www.egemtv.com\/?p=12877"},"modified":"2025-01-27T15:43:17","modified_gmt":"2025-01-27T12:43:17","slug":"kuruyan-marmara-golundeki-arazi-isgallerine-taviz-yok","status":"publish","type":"post","link":"https:\/\/www.egemtv.com\/?p=12877","title":{"rendered":"Kuruyan Marmara G\u00f6l\u00fc\u2019ndeki arazi i\u015fgallerine taviz yok"},"content":{"rendered":"<p>Manisa\u2019n\u0131n Salihli, G\u00f6lmarmara ve Saruhanl\u0131 s\u0131n\u0131rlar\u0131 i\u00e7erisinde yer alan ve k\u00fcresel iklim de\u011fi\u015fikli\u011fi nedeniyle kuruyan Marmara G\u00f6l\u00fc\u2019ndeki arazi i\u015fgallerine kar\u015f\u0131 tavizsiz m\u00fccadele edilecek. Kuruyan g\u00f6lde izinsiz tar\u0131m faaliyeti y\u00fcr\u00fcten \u015fah\u0131slar\u0131n i\u015fgallerine kar\u015f\u0131 harekete ge\u00e7en Manisa \u0130l Jandarma Komutanl\u0131\u011f\u0131, izinsiz y\u00fcr\u00fct\u00fclen faaliyetleri durdurdu.<br \/>\n<br \/>Manisa\u2019n\u0131n Salihli, G\u00f6lmarmara ve Saruhanl\u0131 il\u00e7esi s\u0131n\u0131rlar\u0131 i\u00e7erisinde yer alan ve g\u00f6\u00e7men ku\u015flar\u0131n u\u011frak yeri halindeki Marmara G\u00f6l\u00fc, k\u00fcresel iklim de\u011fi\u015fikli\u011fine ba\u011fl\u0131 olarak tamamen kurudu. Kuruyan g\u00f6ldeki hazine arazilerini i\u015fgal eden \u015fah\u0131slar hem \u00e7evre k\u00f6ylerdeki vatanda\u015flar\u0131 rahats\u0131z ederken b\u00f6lgedeki asayi\u015fi de tehdit ediyor.<br \/>\n<br \/>Kuruyan g\u00f6l\u00fc f\u0131rsat bilen baz\u0131 i\u015fgalciler de g\u00f6lde izinsiz tar\u0131m faaliyetlerinde bulunmaya ve ka\u00e7ak yap\u0131lar in\u015fa etmeye ba\u015flamas\u0131 \u00fczerine Manisa \u0130l Jandarma Komutanl\u0131\u011f\u0131na ba\u011fl\u0131 ekipler harekete ge\u00e7ti. Kuruyan Marmara G\u00f6l\u00fc\u2019ndeki i\u015fgalleri sonland\u0131rmak i\u00e7in tavizsiz bir \u015fekilde \u00e7al\u0131\u015fma y\u00fcr\u00fcten jandarma ekipleri hem ya\u015fanabilecek i\u015fgallerin \u00f6n\u00fcne ge\u00e7mek i\u00e7in devriye g\u00f6revi hem de bozum faaliyeti y\u00fcr\u00fct\u00fcyor.<br \/>\n<br \/>\u00d6te yandan jandarma ekiplerinin y\u00fcr\u00fctt\u00fc\u011f\u00fc \u00e7al\u0131\u015fmalar g\u00f6l kenar\u0131ndaki mahalle halk\u0131 taraf\u0131ndan da takdirle kar\u015f\u0131land\u0131.<br \/><\/p>\n","protected":false},"excerpt":{"rendered":"<p>Manisa\u2019n\u0131n Salihli, G\u00f6lmarmara ve Saruhanl\u0131 s\u0131n\u0131rlar\u0131 i\u00e7erisinde yer alan ve k\u00fcresel iklim de\u011fi\u015fikli\u011fi nedeniyle kuruyan Marmara G\u00f6l\u00fc\u2019ndeki arazi i\u015fgallerine kar\u015f\u0131 tavizsiz m\u00fccadele edilecek. Kuruyan g\u00f6lde izinsiz tar\u0131m faaliyeti y\u00fcr\u00fcten \u015fah\u0131slar\u0131n i\u015fgallerine kar\u015f\u0131 harekete ge\u00e7en Manisa \u0130l Jandarma Komutanl\u0131\u011f\u0131, izinsiz y\u00fcr\u00fct\u00fclen faaliyetleri durdurdu. Manisa\u2019n\u0131n Salihli, G\u00f6lmarmara ve Saruhanl\u0131 il\u00e7esi s\u0131n\u0131rlar\u0131 i\u00e7erisinde yer alan ve g\u00f6\u00e7men ku\u015flar\u0131n&#8230;<\/p>\n","protected":false},"author":1,"featured_media":12878,"comment_status":"open","ping_status":"open","sticky":false,"template":"","format":"standard","meta":{"_crdt_document":"","footnotes":""},"categories":[5],"tags":[],"class_list":["post-12877","post","type-post","status-publish","format-standard","has-post-thumbnail","hentry","category-asayis"],"_links":{"self":[{"href":"https:\/\/www.egemtv.com\/index.php?rest_route=\/wp\/v2\/posts\/12877","targetHints":{"allow":["GET"]}}],"collection":[{"href":"https:\/\/www.egemtv.com\/index.php?rest_route=\/wp\/v2\/posts"}],"about":[{"href":"https:\/\/www.egemtv.com\/index.php?rest_route=\/wp\/v2\/types\/post"}],"author":[{"embeddable":true,"href":"https:\/\/www.egemtv.com\/index.php?rest_route=\/wp\/v2\/users\/1"}],"replies":[{"embeddable":true,"href":"https:\/\/www.egemtv.com\/index.php?rest_route=%2Fwp%2Fv2%2Fcomments&post=12877"}],"version-history":[{"count":1,"href":"https:\/\/www.egemtv.com\/index.php?rest_route=\/wp\/v2\/posts\/12877\/revisions"}],"predecessor-version":[{"id":12879,"href":"https:\/\/www.egemtv.com\/index.php?rest_route=\/wp\/v2\/posts\/12877\/revisions\/12879"}],"wp:featuredmedia":[{"embeddable":true,"href":"https:\/\/www.egemtv.com\/index.php?rest_route=\/wp\/v2\/media\/12878"}],"wp:attachment":[{"href":"https:\/\/www.egemtv.com\/index.php?rest_route=%2Fwp%2Fv2%2Fmedia&parent=12877"}],"wp:term":[{"taxonomy":"category","embeddable":true,"href":"https:\/\/www.egemtv.com\/index.php?rest_route=%2Fwp%2Fv2%2Fcategories&post=12877"},{"taxonomy":"post_tag","embeddable":true,"href":"https:\/\/www.egemtv.com\/index.php?rest_route=%2Fwp%2Fv2%2Ftags&post=12877"}],"curies":[{"name":"wp","href":"https:\/\/api.w.org\/{rel}","templated":true}]}}