{"id":12874,"date":"2025-01-27T15:28:10","date_gmt":"2025-01-27T12:28:10","guid":{"rendered":"https:\/\/www.egemtv.com\/?p=12874"},"modified":"2025-01-27T15:28:11","modified_gmt":"2025-01-27T12:28:11","slug":"bicakli-kavgada-olen-genc-topraga-verildi","status":"publish","type":"post","link":"https:\/\/www.egemtv.com\/?p=12874","title":{"rendered":"B\u0131\u00e7akl\u0131 kavgada \u00f6len gen\u00e7 topra\u011fa verildi"},"content":{"rendered":"<p>Manisa\u2019n\u0131n Kula il\u00e7esinde b\u0131\u00e7akl\u0131 kavgada a\u011f\u0131r yaralanarak hastaneye kald\u0131r\u0131lan ve ba\u015fka bir hastaneye sevk edilirken ya\u015fam\u0131n\u0131 yitiren 28 ya\u015f\u0131ndaki Enis Muhammet Ba\u015faran, sevenlerinin g\u00f6zya\u015flar\u0131 aras\u0131nda son yolculu\u011funa u\u011furland\u0131.<br \/>\n<br \/>Ge\u00e7ti\u011fimiz g\u00fcnlerde gece saatlerinde \u00e7\u0131kan tart\u0131\u015fman\u0131n ard\u0131ndan b\u0131\u00e7aklanan ve a\u011f\u0131r yaral\u0131 olarak kald\u0131r\u0131ld\u0131\u011f\u0131 Kula Devlet Hastanesi\u2019nden Salihli Devlet Hastanesi\u2019ne sevk edilirken ya\u015fam\u0131n\u0131 yitiren 28 ya\u015f\u0131ndaki Enis Muhammet Ba\u015faran i\u00e7in Kula\u2019da cenaze namaz\u0131 d\u00fczenlendi. Elim olayda ya\u015fam\u0131n\u0131 yitiren gen\u00e7 Enis Muhammet, \u00f6\u011flen namaz\u0131n\u0131 m\u00fcteakip S\u00fcleyman \u015eah Camii\u2019nde d\u00fczenlenen cenaze namaz\u0131n\u0131n ard\u0131ndan sevenlerinin g\u00f6zya\u015flar\u0131 aras\u0131nda son yolculu\u011funda u\u011furland\u0131.<br \/>\n<br \/>\u00d6te yandan Enis Muhammet Ba\u015faran\u2019\u0131n ya\u015fam\u0131n\u0131 yitirmesine, Onur \u00c7ay isimli \u015fahs\u0131n da yaralanmas\u0131na sebep olan R.K. (24) isimli \u015f\u00fcpheli ise \u00e7\u0131kar\u0131ld\u0131\u011f\u0131 mahkemece tutukland\u0131.<br \/>\n<br \/>Olayla ilgili olarak ba\u015flat\u0131lan soru\u015fturman\u0131n geni\u015f \u00e7apl\u0131 olarak s\u00fcrd\u00fc\u011f\u00fc \u00f6\u011frenildi.<br \/><\/p>\n","protected":false},"excerpt":{"rendered":"<p>Manisa\u2019n\u0131n Kula il\u00e7esinde b\u0131\u00e7akl\u0131 kavgada a\u011f\u0131r yaralanarak hastaneye kald\u0131r\u0131lan ve ba\u015fka bir hastaneye sevk edilirken ya\u015fam\u0131n\u0131 yitiren 28 ya\u015f\u0131ndaki Enis Muhammet Ba\u015faran, sevenlerinin g\u00f6zya\u015flar\u0131 aras\u0131nda son yolculu\u011funa u\u011furland\u0131. Ge\u00e7ti\u011fimiz g\u00fcnlerde gece saatlerinde \u00e7\u0131kan tart\u0131\u015fman\u0131n ard\u0131ndan b\u0131\u00e7aklanan ve a\u011f\u0131r yaral\u0131 olarak kald\u0131r\u0131ld\u0131\u011f\u0131 Kula Devlet Hastanesi\u2019nden Salihli Devlet Hastanesi\u2019ne sevk edilirken ya\u015fam\u0131n\u0131 yitiren 28 ya\u015f\u0131ndaki Enis Muhammet&#8230;<\/p>\n","protected":false},"author":1,"featured_media":12875,"comment_status":"open","ping_status":"open","sticky":false,"template":"","format":"standard","meta":{"_crdt_document":"","footnotes":""},"categories":[5],"tags":[],"class_list":["post-12874","post","type-post","status-publish","format-standard","has-post-thumbnail","hentry","category-asayis"],"_links":{"self":[{"href":"https:\/\/www.egemtv.com\/index.php?rest_route=\/wp\/v2\/posts\/12874","targetHints":{"allow":["GET"]}}],"collection":[{"href":"https:\/\/www.egemtv.com\/index.php?rest_route=\/wp\/v2\/posts"}],"about":[{"href":"https:\/\/www.egemtv.com\/index.php?rest_route=\/wp\/v2\/types\/post"}],"author":[{"embeddable":true,"href":"https:\/\/www.egemtv.com\/index.php?rest_route=\/wp\/v2\/users\/1"}],"replies":[{"embeddable":true,"href":"https:\/\/www.egemtv.com\/index.php?rest_route=%2Fwp%2Fv2%2Fcomments&post=12874"}],"version-history":[{"count":1,"href":"https:\/\/www.egemtv.com\/index.php?rest_route=\/wp\/v2\/posts\/12874\/revisions"}],"predecessor-version":[{"id":12876,"href":"https:\/\/www.egemtv.com\/index.php?rest_route=\/wp\/v2\/posts\/12874\/revisions\/12876"}],"wp:featuredmedia":[{"embeddable":true,"href":"https:\/\/www.egemtv.com\/index.php?rest_route=\/wp\/v2\/media\/12875"}],"wp:attachment":[{"href":"https:\/\/www.egemtv.com\/index.php?rest_route=%2Fwp%2Fv2%2Fmedia&parent=12874"}],"wp:term":[{"taxonomy":"category","embeddable":true,"href":"https:\/\/www.egemtv.com\/index.php?rest_route=%2Fwp%2Fv2%2Fcategories&post=12874"},{"taxonomy":"post_tag","embeddable":true,"href":"https:\/\/www.egemtv.com\/index.php?rest_route=%2Fwp%2Fv2%2Ftags&post=12874"}],"curies":[{"name":"wp","href":"https:\/\/api.w.org\/{rel}","templated":true}]}}