{"id":12871,"date":"2025-01-27T15:25:53","date_gmt":"2025-01-27T12:25:53","guid":{"rendered":"https:\/\/www.egemtv.com\/?p=12871"},"modified":"2025-01-27T15:25:57","modified_gmt":"2025-01-27T12:25:57","slug":"karsiyakada-mutlu-altug-hastaneye-kaldirildi","status":"publish","type":"post","link":"https:\/\/www.egemtv.com\/?p=12871","title":{"rendered":"Kar\u015f\u0131yaka\u2019da Mutlu Altu\u011f hastaneye kald\u0131r\u0131ld\u0131"},"content":{"rendered":"<p>Kar\u015f\u0131yaka Spor Kul\u00fcb\u00fc\u2019n\u00fcn aktif y\u00f6netiminde yer alan ve ge\u00e7mi\u015fte ba\u015fkanl\u0131k yapm\u0131\u015f olan Mutlu Altu\u011f\u2019un \u0130stanbul\u2019da kalp krizi \u015f\u00fcphesiyle tedavi alt\u0131na al\u0131nd\u0131\u011f\u0131 a\u00e7\u0131kland\u0131.<br \/>\n<br \/>Kar\u015f\u0131yaka Spor Kul\u00fcb\u00fc\u2019nde mevcut ba\u015fkan \u0130lker Erg\u00fcll\u00fc\u2019n\u00fcn y\u00f6netiminde yer alan ve eski ba\u015fkanlardan olan Mutlu Altu\u011f\u2019un \u0130stanbul\u2019da kalp krizi \u015f\u00fcphesiyle tedavi alt\u0131na al\u0131nd\u0131\u011f\u0131 duyuruldu. Konuyla ilgili ye\u015fil-k\u0131rm\u0131z\u0131l\u0131 kul\u00fcpten yap\u0131lan yaz\u0131l\u0131 a\u00e7\u0131klamada: \u201cD\u00fcn gece saatlerinde kalp krizi riskiyle hastaneye kald\u0131r\u0131lan y\u00f6neticimiz Mutlu Altu\u011f, h\u0131zla m\u00fcdahale edilerek Sa\u011fl\u0131k Bilimleri \u00dcniversitesi Dr. Siyami Ersek Hastanesi\u2019nde tedavi alt\u0131na al\u0131nm\u0131\u015ft\u0131r. Sa\u011fl\u0131k durumu yak\u0131ndan takip edilmektedir. Kendisine acil \u015fifalar diliyor, en k\u0131sa s\u00fcrede aram\u0131za d\u00f6nmesini temenni ediyoruz\u201d ifadelerine yer verildi.<br \/><\/p>\n","protected":false},"excerpt":{"rendered":"<p>Kar\u015f\u0131yaka Spor Kul\u00fcb\u00fc\u2019n\u00fcn aktif y\u00f6netiminde yer alan ve ge\u00e7mi\u015fte ba\u015fkanl\u0131k yapm\u0131\u015f olan Mutlu Altu\u011f\u2019un \u0130stanbul\u2019da kalp krizi \u015f\u00fcphesiyle tedavi alt\u0131na al\u0131nd\u0131\u011f\u0131 a\u00e7\u0131kland\u0131. Kar\u015f\u0131yaka Spor Kul\u00fcb\u00fc\u2019nde mevcut ba\u015fkan \u0130lker Erg\u00fcll\u00fc\u2019n\u00fcn y\u00f6netiminde yer alan ve eski ba\u015fkanlardan olan Mutlu Altu\u011f\u2019un \u0130stanbul\u2019da kalp krizi \u015f\u00fcphesiyle tedavi alt\u0131na al\u0131nd\u0131\u011f\u0131 duyuruldu. Konuyla ilgili ye\u015fil-k\u0131rm\u0131z\u0131l\u0131 kul\u00fcpten yap\u0131lan yaz\u0131l\u0131 a\u00e7\u0131klamada: \u201cD\u00fcn gece&#8230;<\/p>\n","protected":false},"author":1,"featured_media":12872,"comment_status":"open","ping_status":"open","sticky":false,"template":"","format":"standard","meta":{"_crdt_document":"","footnotes":""},"categories":[4],"tags":[],"class_list":["post-12871","post","type-post","status-publish","format-standard","has-post-thumbnail","hentry","category-spor"],"_links":{"self":[{"href":"https:\/\/www.egemtv.com\/index.php?rest_route=\/wp\/v2\/posts\/12871","targetHints":{"allow":["GET"]}}],"collection":[{"href":"https:\/\/www.egemtv.com\/index.php?rest_route=\/wp\/v2\/posts"}],"about":[{"href":"https:\/\/www.egemtv.com\/index.php?rest_route=\/wp\/v2\/types\/post"}],"author":[{"embeddable":true,"href":"https:\/\/www.egemtv.com\/index.php?rest_route=\/wp\/v2\/users\/1"}],"replies":[{"embeddable":true,"href":"https:\/\/www.egemtv.com\/index.php?rest_route=%2Fwp%2Fv2%2Fcomments&post=12871"}],"version-history":[{"count":1,"href":"https:\/\/www.egemtv.com\/index.php?rest_route=\/wp\/v2\/posts\/12871\/revisions"}],"predecessor-version":[{"id":12873,"href":"https:\/\/www.egemtv.com\/index.php?rest_route=\/wp\/v2\/posts\/12871\/revisions\/12873"}],"wp:featuredmedia":[{"embeddable":true,"href":"https:\/\/www.egemtv.com\/index.php?rest_route=\/wp\/v2\/media\/12872"}],"wp:attachment":[{"href":"https:\/\/www.egemtv.com\/index.php?rest_route=%2Fwp%2Fv2%2Fmedia&parent=12871"}],"wp:term":[{"taxonomy":"category","embeddable":true,"href":"https:\/\/www.egemtv.com\/index.php?rest_route=%2Fwp%2Fv2%2Fcategories&post=12871"},{"taxonomy":"post_tag","embeddable":true,"href":"https:\/\/www.egemtv.com\/index.php?rest_route=%2Fwp%2Fv2%2Ftags&post=12871"}],"curies":[{"name":"wp","href":"https:\/\/api.w.org\/{rel}","templated":true}]}}