{"id":12868,"date":"2025-01-27T15:19:38","date_gmt":"2025-01-27T12:19:38","guid":{"rendered":"https:\/\/www.egemtv.com\/?p=12868"},"modified":"2025-01-27T15:19:40","modified_gmt":"2025-01-27T12:19:40","slug":"kuzey-kibris-turk-cumhuriyeti-parki-izmirde-torenle-acildi","status":"publish","type":"post","link":"https:\/\/www.egemtv.com\/?p=12868","title":{"rendered":"Kuzey K\u0131br\u0131s T\u00fcrk Cumhuriyeti Park\u0131 \u0130zmir\u2019de t\u00f6renle a\u00e7\u0131ld\u0131"},"content":{"rendered":"<p>\u0130zmir\u2019in Bornova il\u00e7esinde in\u015fa edilen Kuzey K\u0131br\u0131s T\u00fcrk Cumhuriyeti Park\u0131 t\u00f6renle hizmete a\u00e7\u0131ld\u0131.<br \/>\n<br \/>Kuzey K\u0131br\u0131s T\u00fcrk Cumhuriyeti\u2019nin kurucusu Rauf Denkta\u015f, K\u0131br\u0131s Bar\u0131\u015f Harekat\u0131\u2019n\u0131n mimar\u0131 B\u00fclent Ecevit ve K\u0131br\u0131s \u015eehitleri an\u0131s\u0131na yap\u0131lan park d\u00fczenlenen t\u00f6renle a\u00e7\u0131ld\u0131. Programda konu\u015fan ve babas\u0131n\u0131n K\u0131br\u0131s Gazisi oldu\u011funu s\u00f6yleyen \u0130zmir B\u00fcy\u00fck\u015fehir Belediye Ba\u015fkan\u0131 Cemil Tugay, \u201cBen 7 ya\u015f\u0131nda bir \u00e7ocukken babam\u0131n K\u0131br\u0131s\u2019a gidip bir y\u0131l kalmas\u0131yla o g\u00fcnleri ya\u015fad\u0131m. Sonradan belediye ba\u015fkan\u0131 olarak Girne ziyaretimde, K\u0131br\u0131s\u2019a gidi\u015fim ile ya\u015fad\u0131\u011f\u0131m\u0131z an\u0131yla birlikte \u015f\u00f6yle bakt\u0131k: Oras\u0131 bizim i\u00e7in vatan topra\u011f\u0131. Siyasi nedenler ile ba\u015fka t\u00fcrl\u00fc tan\u0131mlamalar yap\u0131labilir ama y\u00fcre\u011fimizde K\u0131br\u0131s bizim i\u00e7in siyaset \u00fcst\u00fcnde \u00e7ok de\u011ferli. O g\u00fcn yap\u0131lan o hareket \u00e7ok kutsal ve de\u011ferliydi. Bir s\u00fcr\u00fc insan\u0131n hayat\u0131n\u0131 kurtard\u0131. O ambargo s\u00fcrecinde i\u00e7imiz ac\u0131sa da m\u00fccadelenin hakl\u0131l\u0131\u011f\u0131 konusunda hi\u00e7 \u015f\u00fcphe d\u00fc\u015fmedi. K\u0131br\u0131s ba\u015fka bir \u00fclke de\u011fil, bizim i\u00e7in karde\u015f ve akraba. Onlara y\u00f6nelik tehdit oldu\u011funda o g\u00fcn oldu\u011fu gibi ayn\u0131 cevab\u0131 bug\u00fcn de al\u0131rlar. T\u00fcrkiye hangi siyasi parti taraf\u0131ndan y\u00f6netilirse y\u00f6netsin, T\u00fcrk milleti K\u0131br\u0131s\u2019\u0131n incinmesine izin vermez. K\u0131br\u0131s i\u00e7in \u00fczerimize d\u00fc\u015fen ne varsa yapmaya haz\u0131r\u0131z. Rauf Denkta\u015f\u2019\u0131n da depremde hayat\u0131n\u0131 kaybeden gencecik sporcular\u0131n hat\u0131rlanmas\u0131 i\u00e7in olu\u015fturulan bu park K\u0131br\u0131s\u2019a sevgimizin g\u00f6stergesidir\u201d diye konu\u015ftu.<\/p>\n<p>\u201cT\u00fcrkiye bizim i\u00e7in \u00e7ok \u00f6nemli\u201d<br \/>\n<br \/>Lapta-Alsancak-\u00c7aml\u0131bel Belediye Ba\u015fkan\u0131 F\u0131rat Ataser, \u201cBurada olay sadece park yapmak de\u011fil Rauf Denkta\u015f\u2019\u0131n ya\u015fat\u0131lmas\u0131 bizi mutlu etti. Bizlerin size, sizlerin bize ihtiyac\u0131 vard\u0131r. T\u00fcrkiye bizim i\u00e7in \u00e7ok \u00f6nemlidir. Bizim garant\u00f6r\u00fcm\u00fczd\u00fcr, en ufak s\u0131k\u0131nt\u0131m\u0131zda yan\u0131m\u0131zda olan dayana\u011f\u0131m\u0131zd\u0131r\u201d dedi.<br \/>\n<br \/>Lefko\u015fa T\u00fcrk Belediye Ba\u015fkan\u0131 Mehmet Harmanc\u0131 da, \u201cB\u00f6ylesi bir parkta a\u011f\u0131rlanmak, burada bulunmak bizler i\u00e7in k\u0131ymetli. Rahmetli ba\u015fbakan B\u00fclent Ecevit, K\u0131br\u0131sl\u0131 T\u00fcrkler i\u00e7in ayr\u0131 bir \u00f6neme sahiptir. \u015eampiyon Meleklerin de burada ya\u015fat\u0131lmas\u0131 bizim i\u00e7in \u00e7ok k\u0131ymetli. Umar\u0131m K\u0131br\u0131sl\u0131 T\u00fcrkler, Denkta\u015f\u2019\u0131n hayalini kurdu\u011fu gibi uluslararas\u0131 toplumda olacakt\u0131r\u201d diye konu\u015ftu.<\/p>\n<p>\u201cRauf Denkta\u015f T\u00fcrk d\u00fcnyas\u0131n\u0131n \u00f6nemli lideridir\u201d<br \/>\n<br \/>KKTC \u0130zmir Ba\u015fkonsolosu Ay\u015fen Volkan \u0130nan\u0131ro\u011flu ise, \u201cKurucu ba\u015fkan\u0131m\u0131z iyi ki do\u011fmu\u015f ve onu tan\u0131m\u0131\u015f\u0131m, \u00fcniversite diplomam\u0131 b\u00f6yle bir liderden almak bana nasip oldu. Bu ve bunun gibi parklar ile kurucu dava adam\u0131 kurucu cumhurba\u015fkan\u0131m\u0131z hat\u0131rlanmaya devam edecektir. O her devrin adam\u0131 de\u011fil her devir adam gibidir. O unutulmayacak bir devlet adam\u0131d\u0131r. O T\u00fcrk d\u00fcnyas\u0131n\u0131n \u00f6nemli bir lideridir\u201d ifadelerine yer verdi.<\/p>\n<p>\u201cAyn\u0131 \u0131rk\u0131z, ayn\u0131 kan\u0131z, ayn\u0131 tarihiz\u201d<br \/>\n<br \/>Rauf Denkta\u015f\u2019\u0131n o\u011flu ve KKTC eski D\u0131\u015fi\u015fleri Bakan\u0131 Serdar Denkta\u015f, \u201c\u0130zmir\u2019den ders almayan Yunanlar\u0131n, i\u015fgal etti\u011fi toprakta can verip kan d\u00f6kt\u00fc\u011f\u00fc ve o topra\u011f\u0131 vatan yapt\u0131\u011f\u0131, o vatan \u00fcst\u00fcnden kurtulu\u015f m\u00fccadelesi vererek devlet kuran son T\u00fcrk\u2019\u00fc, Rauf Denkta\u015f\u2019\u0131 gelece\u011fe anlatabilecek noktaya gelmi\u015fsek \u015fehitlerimizin pay\u0131 b\u00fcy\u00fckt\u00fcr. Ba\u011f\u0131ms\u0131z devlet olarak d\u00fcnya tan\u0131m\u0131yor ama biz var\u0131z. Zaman zaman yanl\u0131\u015flar olsa bile demokrasiyi korumaya \u00e7al\u0131\u015fan, s\u0131k\u0131nt\u0131lara ra\u011fmen umutla bakan bir halk var. O halk, ge\u00e7mi\u015fte yap\u0131lanlar\u0131 unutmaya niyetli de\u011fil. K\u0131br\u0131s T\u00fcrklerinin istedi\u011fi, kin tutarak de\u011fil, kendimizi ge\u00e7mi\u015fe hapsetmeden ileriye do\u011fru y\u00fcr\u00fcmektedir. Ayn\u0131 \u0131rk\u0131z, ayn\u0131 kan\u0131z, ayn\u0131 tarihiz. Bizi birbirimizden koparmak m\u00fcmk\u00fcn de\u011fil, d\u00fcnya bunun fark\u0131nda de\u011fil. \u00c7ok \u015f\u00fck\u00fcr siz de biz de Atat\u00fcrk\u00e7\u00fcl\u00fckten kopmayan T\u00fcrk o\u011flu T\u00fcrk\u2019\u00fcz\u201d a\u00e7\u0131klamalar\u0131nda bulundu.<\/p>\n<p>\u201cT\u00fcrk gen\u00e7lerine g\u00fcvenin\u201d<br \/>\n<br \/>Rauf Denkta\u015f\u2019\u0131n \u2018S\u00f6yleyin onlara buras\u0131 ba\u011f\u0131ms\u0131z bir cumhuriyet\u2019 s\u00f6zleri ile konu\u015fmas\u0131na ba\u015flayan Bornova Belediye Ba\u015fkan\u0131 \u00d6mer E\u015fki, \u201cBu c\u00fcmle asl\u0131nda o g\u00fcnlerden bug\u00fcnlere T\u00fcrk milletinin ufkunu a\u00e7acak veciz bir c\u00fcmle. T\u00fcm T\u00fcrk d\u00fcnyas\u0131 i\u00e7in ne kadar \u00f6nemli oldu\u011funu, oradaki katliam\u0131n devam ettirilmemesi de\u011fil \u00e7ok daha b\u00fcy\u00fcklerinin ya\u015fanmamas\u0131 i\u00e7in K\u0131br\u0131s\u2019\u0131n g\u00fcvenli\u011finin \u00f6nemini anlat\u0131yor. T\u00fcrkiye\u2019nin y\u00fckselece\u011fe yer K\u0131br\u0131s\u2019\u0131n be\u015fparmak da\u011flar\u0131, u\u00e7suz bucaks\u0131z mavilikleri, T\u00fcrk gen\u00e7leridir. T\u00fcrk gen\u00e7lerine g\u00fcvenin\u201d \u015feklinde konu\u015ftu.<br \/>\n<br \/>A\u00e7\u0131l\u0131\u015f sonunda, Rauf Denkta\u015f\u2019\u0131n b\u00fcst\u00fcn\u00fcn bulundu\u011fu alana, Denkta\u015f\u2019\u0131n mezar\u0131ndan getirilen toprak kullan\u0131larak fidan dikimi yap\u0131ld\u0131.<br \/>\n<br \/>A\u00e7\u0131l\u0131\u015fa; Rauf Denkta\u015f\u2019\u0131n o\u011flu ve KKTC eski D\u0131\u015fi\u015fleri Bakan\u0131 Serdar Denkta\u015f, KKTC \u0130zmir Ba\u015fkonsolosu Ay\u015fen Volkan \u0130nan\u0131ro\u011flu, \u0130zmir B\u00fcy\u00fck\u015fehir Belediye Ba\u015fkan\u0131 Cemil Tugay, Bornova Belediye Ba\u015fkan\u0131 \u00d6mer E\u015fki, Bayrakl\u0131 Belediye Ba\u015fkan\u0131 \u0130rfan \u00d6nal, Lefko\u015fa T\u00fcrk Belediye Ba\u015fkan\u0131 Mehmet Harmanc\u0131, Lapta-Alsancak-\u00c7aml\u0131bel Belediye Ba\u015fkan\u0131 F\u0131rat Ataser, gaziler, muhtarlar ve vatanda\u015flar kat\u0131ld\u0131.<br \/><\/p>\n","protected":false},"excerpt":{"rendered":"<p>\u0130zmir\u2019in Bornova il\u00e7esinde in\u015fa edilen Kuzey K\u0131br\u0131s T\u00fcrk Cumhuriyeti Park\u0131 t\u00f6renle hizmete a\u00e7\u0131ld\u0131. Kuzey K\u0131br\u0131s T\u00fcrk Cumhuriyeti\u2019nin kurucusu Rauf Denkta\u015f, K\u0131br\u0131s Bar\u0131\u015f Harekat\u0131\u2019n\u0131n mimar\u0131 B\u00fclent Ecevit ve K\u0131br\u0131s \u015eehitleri an\u0131s\u0131na yap\u0131lan park d\u00fczenlenen t\u00f6renle a\u00e7\u0131ld\u0131. Programda konu\u015fan ve babas\u0131n\u0131n K\u0131br\u0131s Gazisi oldu\u011funu s\u00f6yleyen \u0130zmir B\u00fcy\u00fck\u015fehir Belediye Ba\u015fkan\u0131 Cemil Tugay, \u201cBen 7 ya\u015f\u0131nda bir \u00e7ocukken babam\u0131n&#8230;<\/p>\n","protected":false},"author":1,"featured_media":12869,"comment_status":"open","ping_status":"open","sticky":false,"template":"","format":"standard","meta":{"_crdt_document":"","footnotes":""},"categories":[1],"tags":[],"class_list":["post-12868","post","type-post","status-publish","format-standard","has-post-thumbnail","hentry","category-guncel"],"_links":{"self":[{"href":"https:\/\/www.egemtv.com\/index.php?rest_route=\/wp\/v2\/posts\/12868","targetHints":{"allow":["GET"]}}],"collection":[{"href":"https:\/\/www.egemtv.com\/index.php?rest_route=\/wp\/v2\/posts"}],"about":[{"href":"https:\/\/www.egemtv.com\/index.php?rest_route=\/wp\/v2\/types\/post"}],"author":[{"embeddable":true,"href":"https:\/\/www.egemtv.com\/index.php?rest_route=\/wp\/v2\/users\/1"}],"replies":[{"embeddable":true,"href":"https:\/\/www.egemtv.com\/index.php?rest_route=%2Fwp%2Fv2%2Fcomments&post=12868"}],"version-history":[{"count":1,"href":"https:\/\/www.egemtv.com\/index.php?rest_route=\/wp\/v2\/posts\/12868\/revisions"}],"predecessor-version":[{"id":12870,"href":"https:\/\/www.egemtv.com\/index.php?rest_route=\/wp\/v2\/posts\/12868\/revisions\/12870"}],"wp:featuredmedia":[{"embeddable":true,"href":"https:\/\/www.egemtv.com\/index.php?rest_route=\/wp\/v2\/media\/12869"}],"wp:attachment":[{"href":"https:\/\/www.egemtv.com\/index.php?rest_route=%2Fwp%2Fv2%2Fmedia&parent=12868"}],"wp:term":[{"taxonomy":"category","embeddable":true,"href":"https:\/\/www.egemtv.com\/index.php?rest_route=%2Fwp%2Fv2%2Fcategories&post=12868"},{"taxonomy":"post_tag","embeddable":true,"href":"https:\/\/www.egemtv.com\/index.php?rest_route=%2Fwp%2Fv2%2Ftags&post=12868"}],"curies":[{"name":"wp","href":"https:\/\/api.w.org\/{rel}","templated":true}]}}