{"id":12865,"date":"2025-01-27T15:01:41","date_gmt":"2025-01-27T12:01:41","guid":{"rendered":"https:\/\/www.egemtv.com\/?p=12865"},"modified":"2025-01-27T15:01:42","modified_gmt":"2025-01-27T12:01:42","slug":"sosyal-medyada-paylastigi-magandalik-pahaliya-patladi","status":"publish","type":"post","link":"https:\/\/www.egemtv.com\/?p=12865","title":{"rendered":"Sosyal medyada payla\u015ft\u0131\u011f\u0131 magandal\u0131k pahal\u0131ya patlad\u0131"},"content":{"rendered":"<p>Denizli\u2019de motosiklet ile akrobasi hareketleri yaparak trafik g\u00fcvenli\u011fini tehlikeye sokan magandan\u0131n sosyal medya payla\u015f\u0131m\u0131, jandarman\u0131n radar\u0131na tak\u0131ld\u0131. S\u00fcr\u00fcc\u00fcn\u00fcn ehliyetine ve motosikletine el konulurken, 48 bin 378 TL para cezas\u0131 uyguland\u0131.<br \/>\n<br \/>Denizli \u0130l Jandarma Komutanl\u0131\u011f\u0131na ba\u011fl\u0131 Jandarma Su\u00e7 Ara\u015ft\u0131rma Timi (JASAT) sosyal medyada \u2019tek teker\u2019 lakapl\u0131 bir \u015fahs\u0131n motosikletiyle trafik g\u00fcvenli\u011fini tehlikeye sokarak akrobasi hareketleri yapt\u0131\u011f\u0131n\u0131 ve payla\u015ft\u0131\u011f\u0131n\u0131 belirledi. JASAT timi taraf\u0131ndan y\u00fcr\u00fct\u00fclen titiz \u00e7al\u0131\u015fma neticesinde kasks\u0131z ve \u00fczerinde koruyucu k\u0131yafet bulunmadan motosikletinin \u00f6n tekerini havaya kald\u0131rarak seyreden trafik magandas\u0131n\u0131n Abdullah A. oldu\u011fu belirlendi. Jandarma ekipleri taraf\u0131ndan motosikleti ile birlikte yakalanan Abdullah A.\u2019ya trafik g\u00fcvenli\u011fini tehlikeye sokmak ve benzeri ihlaller nedeniyle ayr\u0131 ayr\u0131 toplamda 48 bin 378 TL cezai i\u015flem uyguland\u0131. Ayr\u0131ca Abdullah A.\u2019n\u0131n 2 ay s\u00fcreyle s\u00fcr\u00fcc\u00fc belgesine ve kulland\u0131\u011f\u0131 motosiklete de el konuldu.<br \/>\n<br \/>\u0130l Jandarma Komutanl\u0131\u011f\u0131 taraf\u0131ndan yap\u0131lan yaz\u0131l\u0131 a\u00e7\u0131klamada, \u201cDenizli \u0130l Jandarma Komutanl\u0131\u011f\u0131nca, emniyet ve asayi\u015fin sa\u011flanmas\u0131na y\u00f6nelik su\u00e7 ve su\u00e7lularla m\u00fccadeleye aral\u0131ks\u0131z olarak devam edilecektir\u201d ifadeleri yer ald\u0131.<br \/><\/p>\n","protected":false},"excerpt":{"rendered":"<p>Denizli\u2019de motosiklet ile akrobasi hareketleri yaparak trafik g\u00fcvenli\u011fini tehlikeye sokan magandan\u0131n sosyal medya payla\u015f\u0131m\u0131, jandarman\u0131n radar\u0131na tak\u0131ld\u0131. S\u00fcr\u00fcc\u00fcn\u00fcn ehliyetine ve motosikletine el konulurken, 48 bin 378 TL para cezas\u0131 uyguland\u0131. Denizli \u0130l Jandarma Komutanl\u0131\u011f\u0131na ba\u011fl\u0131 Jandarma Su\u00e7 Ara\u015ft\u0131rma Timi (JASAT) sosyal medyada \u2019tek teker\u2019 lakapl\u0131 bir \u015fahs\u0131n motosikletiyle trafik g\u00fcvenli\u011fini tehlikeye sokarak akrobasi hareketleri yapt\u0131\u011f\u0131n\u0131&#8230;<\/p>\n","protected":false},"author":1,"featured_media":12866,"comment_status":"open","ping_status":"open","sticky":false,"template":"","format":"standard","meta":{"_crdt_document":"","footnotes":""},"categories":[5],"tags":[],"class_list":["post-12865","post","type-post","status-publish","format-standard","has-post-thumbnail","hentry","category-asayis"],"_links":{"self":[{"href":"https:\/\/www.egemtv.com\/index.php?rest_route=\/wp\/v2\/posts\/12865","targetHints":{"allow":["GET"]}}],"collection":[{"href":"https:\/\/www.egemtv.com\/index.php?rest_route=\/wp\/v2\/posts"}],"about":[{"href":"https:\/\/www.egemtv.com\/index.php?rest_route=\/wp\/v2\/types\/post"}],"author":[{"embeddable":true,"href":"https:\/\/www.egemtv.com\/index.php?rest_route=\/wp\/v2\/users\/1"}],"replies":[{"embeddable":true,"href":"https:\/\/www.egemtv.com\/index.php?rest_route=%2Fwp%2Fv2%2Fcomments&post=12865"}],"version-history":[{"count":1,"href":"https:\/\/www.egemtv.com\/index.php?rest_route=\/wp\/v2\/posts\/12865\/revisions"}],"predecessor-version":[{"id":12867,"href":"https:\/\/www.egemtv.com\/index.php?rest_route=\/wp\/v2\/posts\/12865\/revisions\/12867"}],"wp:featuredmedia":[{"embeddable":true,"href":"https:\/\/www.egemtv.com\/index.php?rest_route=\/wp\/v2\/media\/12866"}],"wp:attachment":[{"href":"https:\/\/www.egemtv.com\/index.php?rest_route=%2Fwp%2Fv2%2Fmedia&parent=12865"}],"wp:term":[{"taxonomy":"category","embeddable":true,"href":"https:\/\/www.egemtv.com\/index.php?rest_route=%2Fwp%2Fv2%2Fcategories&post=12865"},{"taxonomy":"post_tag","embeddable":true,"href":"https:\/\/www.egemtv.com\/index.php?rest_route=%2Fwp%2Fv2%2Ftags&post=12865"}],"curies":[{"name":"wp","href":"https:\/\/api.w.org\/{rel}","templated":true}]}}