{"id":12862,"date":"2025-01-27T14:40:01","date_gmt":"2025-01-27T11:40:01","guid":{"rendered":"https:\/\/www.egemtv.com\/?p=12862"},"modified":"2025-01-27T14:40:04","modified_gmt":"2025-01-27T11:40:04","slug":"murat-baybatur-demirci-sayik-goleti-sulama-ihalesi-yapildi","status":"publish","type":"post","link":"https:\/\/www.egemtv.com\/?p=12862","title":{"rendered":"Murat Baybatur: \u201cDemirci Say\u0131k G\u00f6leti sulama ihalesi yap\u0131ld\u0131\u201d"},"content":{"rendered":"<p>AK Parti Manisa Milletvekili Murat Baybatur, Demirci Say\u0131k G\u00f6leti sulama ihalesinin yap\u0131ld\u0131\u011f\u0131n\u0131 ve \u00e7al\u0131\u015fmalar\u0131n\u0131n ard\u0131ndan 840 d\u00f6n\u00fcm\u00fcn tar\u0131m arazisinin suya kavu\u015faca\u011f\u0131n\u0131 s\u00f6yledi.<br \/>\n<br \/>Devlet Su \u0130\u015fleri 2. B\u00f6lge M\u00fcd\u00fcrl\u00fc\u011f\u00fc taraf\u0131ndan Demirci\u2019de yap\u0131lacak Say\u0131k G\u00f6leti sulama ihalesi yap\u0131ld\u0131. Demirci\u2019nin Say\u0131k Mahallesi\u2019nde bulunan 840 d\u00f6n\u00fcm tar\u0131m arazisinin suya kavu\u015fmas\u0131 ile b\u00f6lgede tar\u0131m\u0131n canlanaca\u011f\u0131n\u0131 belirten Baybatur, \u201cDevlet Su \u0130\u015fleri 2. B\u00f6lge M\u00fcd\u00fcrl\u00fc\u011f\u00fcm\u00fcz taraf\u0131ndan yap\u0131lan ihale ile Say\u0131k Mahallemizde bulunan tar\u0131m arazileri su ile bulu\u015fulacak ve tar\u0131ma y\u00f6nelik \u00e7al\u0131\u015fmalara \u00f6nemli katk\u0131lar\u0131 olacak. Bu \u00e7al\u0131\u015fmalar\u0131n ard\u0131ndan b\u00f6lgede bulunan tar\u0131m arazilerine y\u0131ll\u0131k 400 bin metrek\u00fcp su verilecek ve ekonomiye y\u0131ll\u0131k katk\u0131s\u0131 4 Milyon lira olacak. 21 Ocak\u2019ta yap\u0131lan ihalenin ard\u0131ndan kazanan firmaya yap\u0131lacak olan yer tesliminden sonra 1 y\u0131l gibi k\u0131sa s\u00fcre de \u00e7al\u0131\u015fmalar tamamlanacak. \u015euana kadar Say\u0131k G\u00f6letimize 35 milyon lira yat\u0131r\u0131m yap\u0131ld\u0131. Bu yat\u0131r\u0131mla b\u00f6lgede tar\u0131m \u00e7al\u0131\u015fmalar\u0131 daha da h\u0131z kazanacak. Demircili \u00e7ift\u00e7ilerimize hay\u0131rl\u0131, u\u011furlu olsun.\u201d dedi.<br \/><\/p>\n","protected":false},"excerpt":{"rendered":"<p>AK Parti Manisa Milletvekili Murat Baybatur, Demirci Say\u0131k G\u00f6leti sulama ihalesinin yap\u0131ld\u0131\u011f\u0131n\u0131 ve \u00e7al\u0131\u015fmalar\u0131n\u0131n ard\u0131ndan 840 d\u00f6n\u00fcm\u00fcn tar\u0131m arazisinin suya kavu\u015faca\u011f\u0131n\u0131 s\u00f6yledi. Devlet Su \u0130\u015fleri 2. B\u00f6lge M\u00fcd\u00fcrl\u00fc\u011f\u00fc taraf\u0131ndan Demirci\u2019de yap\u0131lacak Say\u0131k G\u00f6leti sulama ihalesi yap\u0131ld\u0131. Demirci\u2019nin Say\u0131k Mahallesi\u2019nde bulunan 840 d\u00f6n\u00fcm tar\u0131m arazisinin suya kavu\u015fmas\u0131 ile b\u00f6lgede tar\u0131m\u0131n canlanaca\u011f\u0131n\u0131 belirten Baybatur, \u201cDevlet Su \u0130\u015fleri&#8230;<\/p>\n","protected":false},"author":1,"featured_media":12863,"comment_status":"open","ping_status":"open","sticky":false,"template":"","format":"standard","meta":{"_crdt_document":"","footnotes":""},"categories":[125],"tags":[],"class_list":["post-12862","post","type-post","status-publish","format-standard","has-post-thumbnail","hentry","category-ekonomi"],"_links":{"self":[{"href":"https:\/\/www.egemtv.com\/index.php?rest_route=\/wp\/v2\/posts\/12862","targetHints":{"allow":["GET"]}}],"collection":[{"href":"https:\/\/www.egemtv.com\/index.php?rest_route=\/wp\/v2\/posts"}],"about":[{"href":"https:\/\/www.egemtv.com\/index.php?rest_route=\/wp\/v2\/types\/post"}],"author":[{"embeddable":true,"href":"https:\/\/www.egemtv.com\/index.php?rest_route=\/wp\/v2\/users\/1"}],"replies":[{"embeddable":true,"href":"https:\/\/www.egemtv.com\/index.php?rest_route=%2Fwp%2Fv2%2Fcomments&post=12862"}],"version-history":[{"count":1,"href":"https:\/\/www.egemtv.com\/index.php?rest_route=\/wp\/v2\/posts\/12862\/revisions"}],"predecessor-version":[{"id":12864,"href":"https:\/\/www.egemtv.com\/index.php?rest_route=\/wp\/v2\/posts\/12862\/revisions\/12864"}],"wp:featuredmedia":[{"embeddable":true,"href":"https:\/\/www.egemtv.com\/index.php?rest_route=\/wp\/v2\/media\/12863"}],"wp:attachment":[{"href":"https:\/\/www.egemtv.com\/index.php?rest_route=%2Fwp%2Fv2%2Fmedia&parent=12862"}],"wp:term":[{"taxonomy":"category","embeddable":true,"href":"https:\/\/www.egemtv.com\/index.php?rest_route=%2Fwp%2Fv2%2Fcategories&post=12862"},{"taxonomy":"post_tag","embeddable":true,"href":"https:\/\/www.egemtv.com\/index.php?rest_route=%2Fwp%2Fv2%2Ftags&post=12862"}],"curies":[{"name":"wp","href":"https:\/\/api.w.org\/{rel}","templated":true}]}}