{"id":12859,"date":"2025-01-27T14:35:07","date_gmt":"2025-01-27T11:35:07","guid":{"rendered":"https:\/\/www.egemtv.com\/?p=12859"},"modified":"2025-01-27T14:35:09","modified_gmt":"2025-01-27T11:35:09","slug":"merkezefendi-belediyesi-somestr-tatiline-ozel-futbol-turnuvasi-duzenledi","status":"publish","type":"post","link":"https:\/\/www.egemtv.com\/?p=12859","title":{"rendered":"Merkezefendi Belediyesi s\u00f6mestr tatiline \u00f6zel futbol turnuvas\u0131 d\u00fczenledi"},"content":{"rendered":"<p>Merkezefendi Belediyesi, s\u00f6mestr tatiline \u00f6zel futbol turnuvas\u0131 d\u00fczenlendi. Dereceye giren futbolcular \u00f6d\u00fcllendirildi.<br \/>\n<br \/>Spora ve sporcuya desteklerini s\u00fcrd\u00fcren Merkezefendi Belediyesi, il\u00e7e genelindeki \u00e7al\u0131\u015fmalar\u0131na devam ediyor. \u00d6\u011frencilerin yar\u0131y\u0131l tatil d\u00f6nemindeki zamanlar\u0131n\u0131 iyi bir \u015fekilde de\u011ferlendirmesi amac\u0131yla Merkezefendi Belediyesi, S\u00f6mestr Futbol Turnuvas\u0131 d\u00fczenliyor. 2015 ve 2016 do\u011fumlu sporcular\u0131n oldu\u011fu tak\u0131mlar\u0131n yer ald\u0131\u011f\u0131 iki kategoriden olu\u015fan turnuvan\u0131n ilk a\u015famas\u0131 sona erdi.<br \/>\n<br \/>2015 do\u011fumlu sporculardan olu\u015fan futbol okullar\u0131 ve spor kul\u00fcplerinin ger\u00e7ekle\u015ftirdi\u011fi turnuvada dereceye giren sporculara \u00f6d\u00fcl olarak madalya yerine kitap okumalar\u0131na te\u015fvik olmas\u0131 amac\u0131yla kitap ve kupa verildi. Merkezefendi Belediyesi Sevindik Vadi Park Spor Tesisleri\u2019nde oynanan ma\u00e7larda rekabet eden gen\u00e7 futbolcular ve aileleri keyifli vakit ge\u00e7irdi. Dereceye giren sporcular\u0131n oldu\u011fu futbol okullar\u0131 ve spor kul\u00fcplerine \u00f6d\u00fcllerini Merkezefendi Belediye Ba\u015fkan\u0131 \u015eeniz Do\u011fan taktim etti.<br \/>\n<br \/>2016 do\u011fumlu sporculardan olu\u015fan futbol okullar\u0131 ve spor kul\u00fcpleri 28-31 Ocak tarihlerinde sahada olacak. 2016 do\u011fumlu sporcular\u0131n olaca\u011f\u0131 ma\u00e7, Merkezefendi Belediyesi Sevindik Vadi Park Spor Tesisleri\u2019nde oynanacak.<br \/><\/p>\n","protected":false},"excerpt":{"rendered":"<p>Merkezefendi Belediyesi, s\u00f6mestr tatiline \u00f6zel futbol turnuvas\u0131 d\u00fczenlendi. Dereceye giren futbolcular \u00f6d\u00fcllendirildi. Spora ve sporcuya desteklerini s\u00fcrd\u00fcren Merkezefendi Belediyesi, il\u00e7e genelindeki \u00e7al\u0131\u015fmalar\u0131na devam ediyor. \u00d6\u011frencilerin yar\u0131y\u0131l tatil d\u00f6nemindeki zamanlar\u0131n\u0131 iyi bir \u015fekilde de\u011ferlendirmesi amac\u0131yla Merkezefendi Belediyesi, S\u00f6mestr Futbol Turnuvas\u0131 d\u00fczenliyor. 2015 ve 2016 do\u011fumlu sporcular\u0131n oldu\u011fu tak\u0131mlar\u0131n yer ald\u0131\u011f\u0131 iki kategoriden olu\u015fan turnuvan\u0131n ilk a\u015famas\u0131&#8230;<\/p>\n","protected":false},"author":1,"featured_media":12860,"comment_status":"open","ping_status":"open","sticky":false,"template":"","format":"standard","meta":{"_crdt_document":"","footnotes":""},"categories":[4],"tags":[],"class_list":["post-12859","post","type-post","status-publish","format-standard","has-post-thumbnail","hentry","category-spor"],"_links":{"self":[{"href":"https:\/\/www.egemtv.com\/index.php?rest_route=\/wp\/v2\/posts\/12859","targetHints":{"allow":["GET"]}}],"collection":[{"href":"https:\/\/www.egemtv.com\/index.php?rest_route=\/wp\/v2\/posts"}],"about":[{"href":"https:\/\/www.egemtv.com\/index.php?rest_route=\/wp\/v2\/types\/post"}],"author":[{"embeddable":true,"href":"https:\/\/www.egemtv.com\/index.php?rest_route=\/wp\/v2\/users\/1"}],"replies":[{"embeddable":true,"href":"https:\/\/www.egemtv.com\/index.php?rest_route=%2Fwp%2Fv2%2Fcomments&post=12859"}],"version-history":[{"count":1,"href":"https:\/\/www.egemtv.com\/index.php?rest_route=\/wp\/v2\/posts\/12859\/revisions"}],"predecessor-version":[{"id":12861,"href":"https:\/\/www.egemtv.com\/index.php?rest_route=\/wp\/v2\/posts\/12859\/revisions\/12861"}],"wp:featuredmedia":[{"embeddable":true,"href":"https:\/\/www.egemtv.com\/index.php?rest_route=\/wp\/v2\/media\/12860"}],"wp:attachment":[{"href":"https:\/\/www.egemtv.com\/index.php?rest_route=%2Fwp%2Fv2%2Fmedia&parent=12859"}],"wp:term":[{"taxonomy":"category","embeddable":true,"href":"https:\/\/www.egemtv.com\/index.php?rest_route=%2Fwp%2Fv2%2Fcategories&post=12859"},{"taxonomy":"post_tag","embeddable":true,"href":"https:\/\/www.egemtv.com\/index.php?rest_route=%2Fwp%2Fv2%2Ftags&post=12859"}],"curies":[{"name":"wp","href":"https:\/\/api.w.org\/{rel}","templated":true}]}}