{"id":12856,"date":"2025-01-27T14:28:22","date_gmt":"2025-01-27T11:28:22","guid":{"rendered":"https:\/\/www.egemtv.com\/?p=12856"},"modified":"2025-01-27T14:28:24","modified_gmt":"2025-01-27T11:28:24","slug":"sanayide-demir-sopali-cirak-kavgasi-2-yarali","status":"publish","type":"post","link":"https:\/\/www.egemtv.com\/?p=12856","title":{"rendered":"Sanayide demir sopal\u0131 \u00e7\u0131rak kavgas\u0131: 2 yaral\u0131"},"content":{"rendered":"<p>Ayd\u0131n\u2019\u0131n Efeler il\u00e7esinde sanayide \u00e7al\u0131\u015fan \u00e7\u0131raklar\u0131n demir sopal\u0131 kavgas\u0131nda 2 ki\u015fi yaraland\u0131.<br \/>\n<br \/>Olay, Zeybek Mahallesi Yeni Sanayi Sitesi\u2019nde meydana geldi. Edinilen bilgiye g\u00f6re, sanayideki d\u00fckkanlarda \u00e7al\u0131\u015fan ve husumetli olduklar\u0131 iddia edilen 4 \u00e7\u0131rak aras\u0131nda hen\u00fcz bilinmeyen bir nedenle tart\u0131\u015fma \u00e7\u0131kt\u0131. S\u00f6zl\u00fc tart\u0131\u015fma k\u0131sa s\u00fcrede b\u00fcy\u00fcterek kavgaya d\u00f6n\u00fc\u015ft\u00fc. Taraflardan biri eline ald\u0131\u011f\u0131 demir sopa ile kar\u015f\u0131 tarafa sald\u0131rd\u0131. Sanayi sokaklar\u0131nda kovalad\u0131klar\u0131 2 ki\u015fiyi demir sopayla yaralayan gen\u00e7lerin kavgas\u0131, b\u00f6lge esnaf\u0131n\u0131n araya girmesiyle sonland\u0131r\u0131ld\u0131. \u0130hbar \u00fczerine b\u00f6lgeye polis ve sa\u011fl\u0131k ekipleri sevk edildi. K\u0131sa s\u00fcrede olay yerine gelen sa\u011fl\u0131k ekipleri, ilk m\u00fcdahalenin ard\u0131ndan yaral\u0131lar\u0131 ambulanslarla hastaneye kald\u0131rd\u0131. Tedavi alt\u0131na al\u0131nan yaral\u0131lar\u0131n hayati tehlikelerinin olmad\u0131\u011f\u0131 \u00f6\u011frenildi. Di\u011fer \u00e7\u0131raklar\u0131 yaralayan 2 gen\u00e7 ise polis ekipleri taraf\u0131ndan g\u00f6zalt\u0131na al\u0131narak ifadelerinin al\u0131nmas\u0131 i\u00e7in karakola g\u00f6t\u00fcrd\u00fc.<br \/>\n<br \/>Olayla ilgili inceleme s\u00fcr\u00fcyor.<br \/><\/p>\n","protected":false},"excerpt":{"rendered":"<p>Ayd\u0131n\u2019\u0131n Efeler il\u00e7esinde sanayide \u00e7al\u0131\u015fan \u00e7\u0131raklar\u0131n demir sopal\u0131 kavgas\u0131nda 2 ki\u015fi yaraland\u0131. Olay, Zeybek Mahallesi Yeni Sanayi Sitesi\u2019nde meydana geldi. Edinilen bilgiye g\u00f6re, sanayideki d\u00fckkanlarda \u00e7al\u0131\u015fan ve husumetli olduklar\u0131 iddia edilen 4 \u00e7\u0131rak aras\u0131nda hen\u00fcz bilinmeyen bir nedenle tart\u0131\u015fma \u00e7\u0131kt\u0131. S\u00f6zl\u00fc tart\u0131\u015fma k\u0131sa s\u00fcrede b\u00fcy\u00fcterek kavgaya d\u00f6n\u00fc\u015ft\u00fc. Taraflardan biri eline ald\u0131\u011f\u0131 demir sopa ile kar\u015f\u0131&#8230;<\/p>\n","protected":false},"author":1,"featured_media":12857,"comment_status":"open","ping_status":"open","sticky":false,"template":"","format":"standard","meta":{"_crdt_document":"","footnotes":""},"categories":[5],"tags":[],"class_list":["post-12856","post","type-post","status-publish","format-standard","has-post-thumbnail","hentry","category-asayis"],"_links":{"self":[{"href":"https:\/\/www.egemtv.com\/index.php?rest_route=\/wp\/v2\/posts\/12856","targetHints":{"allow":["GET"]}}],"collection":[{"href":"https:\/\/www.egemtv.com\/index.php?rest_route=\/wp\/v2\/posts"}],"about":[{"href":"https:\/\/www.egemtv.com\/index.php?rest_route=\/wp\/v2\/types\/post"}],"author":[{"embeddable":true,"href":"https:\/\/www.egemtv.com\/index.php?rest_route=\/wp\/v2\/users\/1"}],"replies":[{"embeddable":true,"href":"https:\/\/www.egemtv.com\/index.php?rest_route=%2Fwp%2Fv2%2Fcomments&post=12856"}],"version-history":[{"count":1,"href":"https:\/\/www.egemtv.com\/index.php?rest_route=\/wp\/v2\/posts\/12856\/revisions"}],"predecessor-version":[{"id":12858,"href":"https:\/\/www.egemtv.com\/index.php?rest_route=\/wp\/v2\/posts\/12856\/revisions\/12858"}],"wp:featuredmedia":[{"embeddable":true,"href":"https:\/\/www.egemtv.com\/index.php?rest_route=\/wp\/v2\/media\/12857"}],"wp:attachment":[{"href":"https:\/\/www.egemtv.com\/index.php?rest_route=%2Fwp%2Fv2%2Fmedia&parent=12856"}],"wp:term":[{"taxonomy":"category","embeddable":true,"href":"https:\/\/www.egemtv.com\/index.php?rest_route=%2Fwp%2Fv2%2Fcategories&post=12856"},{"taxonomy":"post_tag","embeddable":true,"href":"https:\/\/www.egemtv.com\/index.php?rest_route=%2Fwp%2Fv2%2Ftags&post=12856"}],"curies":[{"name":"wp","href":"https:\/\/api.w.org\/{rel}","templated":true}]}}