{"id":12847,"date":"2025-01-27T14:04:55","date_gmt":"2025-01-27T11:04:55","guid":{"rendered":"https:\/\/www.egemtv.com\/?p=12847"},"modified":"2025-01-27T14:04:57","modified_gmt":"2025-01-27T11:04:57","slug":"bayraklinin-pazar-yerlerinde-aydinlatma-calismasi","status":"publish","type":"post","link":"https:\/\/www.egemtv.com\/?p=12847","title":{"rendered":"Bayrakl\u0131\u2019n\u0131n pazar yerlerinde ayd\u0131nlatma \u00e7al\u0131\u015fmas\u0131"},"content":{"rendered":"<p>Bayrakl\u0131 Belediyesi, pazar yerlerini daha konforlu ve g\u00fcvenli hale getirmek amac\u0131yla il\u00e7e genelinde \u00e7al\u0131\u015fma ba\u015flatt\u0131. Bu kapsamda Ba\u015fkan \u0130rfan \u00d6nal\u2019\u0131n talimat\u0131yla Osmangazi, \u00c7ay ve Yamanlar mahallelerinde bulunan pazar yerlerinin ayd\u0131nlatma sistemleri yenilendi.<br \/>\n<br \/>Bayrakl\u0131 Belediyesi Fen \u0130\u015fleri M\u00fcd\u00fcrl\u00fc\u011f\u00fc ekipleri, vatanda\u015flar\u0131n daha konforlu al\u0131\u015fveri\u015f deneyimi ya\u015famas\u0131 ve g\u00fcvenli kent olu\u015fturulmas\u0131 amac\u0131yla il\u00e7edeki pazar yerlerinde bulunan ayd\u0131nlatma sistemlerini yenilemeye ba\u015flad\u0131. Osmangazi, \u00c7ay ve Yamanlar mahallelerindeki pazar yerlerinde ger\u00e7ekle\u015ftirilen \u00e7al\u0131\u015fmalar, eskiyen ve yetersiz kalan ayd\u0131nlatma sistemleri, enerji verimlili\u011fi y\u00fcksek modern LED ayd\u0131nlatma sistemleriyle de\u011fi\u015ftirildi. \u00d6te yandan, Zab\u0131ta M\u00fcd\u00fcrl\u00fc\u011f\u00fc ekipleri pazar yerlerinde halk sa\u011fl\u0131\u011f\u0131 ve huzuru i\u00e7in denetimlerini s\u00fcrd\u00fcr\u00fcyor. Ayd\u0131nlatma yenileme \u00e7al\u0131\u015fmalar\u0131n\u0131n, Bayrakl\u0131\u2019daki ihtiya\u00e7 olan di\u011fer pazar yerlerinde de devam edece\u011fi belirtildi.<br \/>\n<br \/>Bayrakl\u0131 Belediye Ba\u015fkan\u0131 \u0130rfan \u00d6nal, \u201cVatanda\u015flar\u0131m\u0131z\u0131n ya\u015fam kalitesini art\u0131rmak i\u00e7in \u00e7al\u0131\u015fmalar\u0131m\u0131za aral\u0131ks\u0131z devam ediyoruz. Se\u00e7im d\u00f6neminde yapaca\u011f\u0131m\u0131z\u0131 s\u00f6yledi\u011fimiz i\u015flerden biriydi ve bug\u00fcn bu s\u00f6z\u00fcm\u00fcz\u00fc de imkanlar\u0131m\u0131z dahilinde ger\u00e7ekle\u015ftirmeye ba\u015flaman\u0131n mutlulu\u011funu ya\u015f\u0131yoruz. Semt pazarlar\u0131m\u0131z, hem esnaf\u0131m\u0131z hem de vatanda\u015flar\u0131m\u0131z i\u00e7in \u00f6nemli bulu\u015fma noktalar\u0131. Bu nedenle, pazar yerlerimizi daha g\u00fcvenli ve konforlu hale getirmek i\u00e7in yat\u0131r\u0131mlar\u0131m\u0131za devam edece\u011fiz\u201d dedi.<br \/><\/p>\n","protected":false},"excerpt":{"rendered":"<p>Bayrakl\u0131 Belediyesi, pazar yerlerini daha konforlu ve g\u00fcvenli hale getirmek amac\u0131yla il\u00e7e genelinde \u00e7al\u0131\u015fma ba\u015flatt\u0131. Bu kapsamda Ba\u015fkan \u0130rfan \u00d6nal\u2019\u0131n talimat\u0131yla Osmangazi, \u00c7ay ve Yamanlar mahallelerinde bulunan pazar yerlerinin ayd\u0131nlatma sistemleri yenilendi. Bayrakl\u0131 Belediyesi Fen \u0130\u015fleri M\u00fcd\u00fcrl\u00fc\u011f\u00fc ekipleri, vatanda\u015flar\u0131n daha konforlu al\u0131\u015fveri\u015f deneyimi ya\u015famas\u0131 ve g\u00fcvenli kent olu\u015fturulmas\u0131 amac\u0131yla il\u00e7edeki pazar yerlerinde bulunan ayd\u0131nlatma sistemlerini&#8230;<\/p>\n","protected":false},"author":1,"featured_media":12848,"comment_status":"open","ping_status":"open","sticky":false,"template":"","format":"standard","meta":{"_crdt_document":"","footnotes":""},"categories":[1],"tags":[],"class_list":["post-12847","post","type-post","status-publish","format-standard","has-post-thumbnail","hentry","category-guncel"],"_links":{"self":[{"href":"https:\/\/www.egemtv.com\/index.php?rest_route=\/wp\/v2\/posts\/12847","targetHints":{"allow":["GET"]}}],"collection":[{"href":"https:\/\/www.egemtv.com\/index.php?rest_route=\/wp\/v2\/posts"}],"about":[{"href":"https:\/\/www.egemtv.com\/index.php?rest_route=\/wp\/v2\/types\/post"}],"author":[{"embeddable":true,"href":"https:\/\/www.egemtv.com\/index.php?rest_route=\/wp\/v2\/users\/1"}],"replies":[{"embeddable":true,"href":"https:\/\/www.egemtv.com\/index.php?rest_route=%2Fwp%2Fv2%2Fcomments&post=12847"}],"version-history":[{"count":1,"href":"https:\/\/www.egemtv.com\/index.php?rest_route=\/wp\/v2\/posts\/12847\/revisions"}],"predecessor-version":[{"id":12849,"href":"https:\/\/www.egemtv.com\/index.php?rest_route=\/wp\/v2\/posts\/12847\/revisions\/12849"}],"wp:featuredmedia":[{"embeddable":true,"href":"https:\/\/www.egemtv.com\/index.php?rest_route=\/wp\/v2\/media\/12848"}],"wp:attachment":[{"href":"https:\/\/www.egemtv.com\/index.php?rest_route=%2Fwp%2Fv2%2Fmedia&parent=12847"}],"wp:term":[{"taxonomy":"category","embeddable":true,"href":"https:\/\/www.egemtv.com\/index.php?rest_route=%2Fwp%2Fv2%2Fcategories&post=12847"},{"taxonomy":"post_tag","embeddable":true,"href":"https:\/\/www.egemtv.com\/index.php?rest_route=%2Fwp%2Fv2%2Ftags&post=12847"}],"curies":[{"name":"wp","href":"https:\/\/api.w.org\/{rel}","templated":true}]}}