{"id":12844,"date":"2025-01-27T14:04:53","date_gmt":"2025-01-27T11:04:53","guid":{"rendered":"https:\/\/www.egemtv.com\/?p=12844"},"modified":"2025-01-27T14:04:55","modified_gmt":"2025-01-27T11:04:55","slug":"turgutlu-belediyesi-kadin-voleybol-takimi-sezonu-tamamladi","status":"publish","type":"post","link":"https:\/\/www.egemtv.com\/?p=12844","title":{"rendered":"Turgutlu Belediyesi kad\u0131n voleybol tak\u0131m\u0131 sezonu tamamlad\u0131"},"content":{"rendered":"<p>Turgutlu Belediyesi Kad\u0131n Voleybol Tak\u0131m\u0131, TVF Kad\u0131nlar 2. Ligi\u2019nde 2024-2025 sezonunu alt\u0131nc\u0131l\u0131kla kapatt\u0131. Tak\u0131m hem sahada sergiledi\u011fi performansla hem de sosyal fark\u0131ndal\u0131k projeleriyle \u00f6rnek bir sezon ge\u00e7irdi.<br \/>\n<br \/>TVF Kad\u0131nlar 2. Ligi\u2019nde Turgutlu\u2019yu ba\u015far\u0131yla temsil eden Turgutlu Belediyesi Kad\u0131n Voleybol Tak\u0131m\u0131, 2024-2025 sezonunu alt\u0131nc\u0131 s\u0131rada tamamlad\u0131. Kad\u0131n Voleybol Tak\u0131m\u0131, 19 ya\u015f ortalamas\u0131yla ligin en gen\u00e7 ekiplerinden biri olarak, \u00e7o\u011funlu\u011fu Turgutlu Belediyespor\u2019un altyap\u0131s\u0131ndan yeti\u015fen Turgutlulu sporcularla ligde m\u00fccadele etti. Sezon boyunca sahada g\u00f6sterilen m\u00fccadele kadar, toplumda fark\u0131ndal\u0131k olu\u015fturmay\u0131 ama\u00e7layan \u00e7al\u0131\u015fmalarla da dikkat \u00e7ekti.<br \/>\n<br \/>Sezon boyunca 20 ma\u00e7ta 10 galibiyet elde eden Kad\u0131n Voleybol Tak\u0131m\u0131, \u00f6zellikle deplasman ma\u00e7lar\u0131ndaki etkili performans\u0131yla dikkat \u00e7ekti. Ayd\u0131n B\u00fcy\u00fck\u015fehir Belediye Spor Kul\u00fcb\u00fc kar\u015f\u0131s\u0131nda al\u0131nan 3-0\u2019l\u0131k net galibiyet ve Ko\u00e7arl\u0131 Belediyespor kar\u015f\u0131s\u0131nda elde edilen 3-0\u2019l\u0131k zafer, sezonun \u00f6nemli ba\u015far\u0131lar\u0131 aras\u0131nda yer ald\u0131.<\/p>\n<p>Kad\u0131na y\u00f6nelik \u015fiddete kar\u015f\u0131 fark\u0131ndal\u0131k<br \/>\n<br \/>Turgutlu Belediyesi Kad\u0131n Voleybol Tak\u0131m\u0131, bu sezon kad\u0131na y\u00f6nelik \u015fiddet ve cinayetlere dikkat \u00e7ekmek i\u00e7in anlaml\u0131 bir fark\u0131ndal\u0131k kampanyas\u0131 y\u00fcr\u00fctt\u00fc. Tak\u0131m, Diyarbak\u0131r\u2019da vah\u015fice hayattan kopar\u0131lan Narin G\u00fcran\u2019\u0131n sliuetini formalar\u0131nda yer vererek kad\u0131na y\u00f6nelik \u015fiddet ve cinayetlere dikkat \u00e7ekti. Turgutlu Belediyesi Kad\u0131n Voleybol Tak\u0131m\u0131, sporun sadece bir m\u00fccadele alan\u0131 de\u011fil, ayn\u0131 zamanda toplumsal fark\u0131ndal\u0131k i\u00e7in g\u00fc\u00e7l\u00fc bir platform oldu\u011funu bir kez daha g\u00f6sterdi.<br \/>\n<br \/>Turgutlu Belediyespor Ba\u015fkan\u0131 ve Belediye Ba\u015fkan Yard\u0131mc\u0131s\u0131 H\u00fcseyin Maliz, \u201cKad\u0131n Voleybol Tak\u0131m\u0131m\u0131z, bu sezon sahada sergiledikleri azim ve ba\u015far\u0131yla hepimizi gururland\u0131rd\u0131. Ligi alt\u0131nc\u0131 s\u0131rada tamamlad\u0131k. Ancak bizim i\u00e7in en gurur verici olan, kad\u0131na y\u00f6nelik \u015fiddete kar\u015f\u0131 verdi\u011fimiz mesajlarla topluma dokunabilmekti. Oyuncular\u0131m\u0131z, hem saha i\u00e7inde hem de saha d\u0131\u015f\u0131nda \u00f6rnek bir duru\u015f sergilediler. Bu sezon g\u00f6sterdikleri emekler i\u00e7in Ba\u015fantren\u00f6r\u00fcm\u00fcz Erdal Kur\u00e7\u2019a, teknik ekibimize ve oyuncular\u0131m\u0131za te\u015fekk\u00fcr ediyorum. Gelecek sezon daha b\u00fcy\u00fck hedeflerle \u00e7al\u0131\u015fmaya devam edece\u011fiz\u201d dedi.<br \/>\n<br \/>Turgutlu Belediyespor Kad\u0131n Voleybol Tak\u0131m\u0131 Ba\u015fantren\u00f6r\u00fc Erdal Kur\u00e7, \u201c\u00c7o\u011funlu\u011fu altyap\u0131m\u0131zdan yeti\u015fen sporculardan olu\u015fan Kad\u0131n Voleybol Tak\u0131m\u0131m\u0131z, 19 ya\u015f ortalamas\u0131yla ligin en gen\u00e7 tak\u0131mlar\u0131ndan. Bu sezon tak\u0131m olarak sahada elimizden gelenin en iyisini yapmaya \u00e7al\u0131\u015ft\u0131k. Alt\u0131nc\u0131 s\u0131rada yer almak bizim i\u00e7in \u00f6nemli bir sonu\u00e7. Ancak bizim i\u00e7in ba\u015far\u0131 sadece skorlarla \u00f6l\u00e7\u00fclm\u00fcyor. Kad\u0131na y\u00f6nelik \u015fiddete dikkat \u00e7ekmek i\u00e7in \u00e7\u0131kt\u0131\u011f\u0131m\u0131z bu yolda, sporun birle\u015ftirici g\u00fcc\u00fcne inanarak m\u00fccadele ettik. Sporcular\u0131m\u0131z\u0131n her biri, bu m\u00fccadelede sahada oldu\u011fu kadar toplumda da birer rol model oldu. T\u00fcm oyuncular\u0131m\u0131za ve teknik ekibimize m\u00fccadeleleri ve emekleri i\u00e7in te\u015fekk\u00fcr ediyorum. Her zaman yan\u0131m\u0131zda olan Belediye Ba\u015fkan\u0131m\u0131z \u00c7etin Ak\u0131n\u2019a, Belediyespor Ba\u015fkan\u0131m\u0131z H\u00fcseyin Maliz\u2019e, Asba\u015fkan\u0131m\u0131z Emrah Kan\u0131k\u2019a ve sezon boyunca bizleri yaln\u0131z b\u0131rakmayan taraftarlar\u0131m\u0131za ayr\u0131ca te\u015fekk\u00fcr ederiz\u201d dedi.<br \/><\/p>\n","protected":false},"excerpt":{"rendered":"<p>Turgutlu Belediyesi Kad\u0131n Voleybol Tak\u0131m\u0131, TVF Kad\u0131nlar 2. Ligi\u2019nde 2024-2025 sezonunu alt\u0131nc\u0131l\u0131kla kapatt\u0131. Tak\u0131m hem sahada sergiledi\u011fi performansla hem de sosyal fark\u0131ndal\u0131k projeleriyle \u00f6rnek bir sezon ge\u00e7irdi. TVF Kad\u0131nlar 2. Ligi\u2019nde Turgutlu\u2019yu ba\u015far\u0131yla temsil eden Turgutlu Belediyesi Kad\u0131n Voleybol Tak\u0131m\u0131, 2024-2025 sezonunu alt\u0131nc\u0131 s\u0131rada tamamlad\u0131. Kad\u0131n Voleybol Tak\u0131m\u0131, 19 ya\u015f ortalamas\u0131yla ligin en gen\u00e7 ekiplerinden&#8230;<\/p>\n","protected":false},"author":1,"featured_media":12845,"comment_status":"open","ping_status":"open","sticky":false,"template":"","format":"standard","meta":{"_crdt_document":"","footnotes":""},"categories":[4],"tags":[],"class_list":["post-12844","post","type-post","status-publish","format-standard","has-post-thumbnail","hentry","category-spor"],"_links":{"self":[{"href":"https:\/\/www.egemtv.com\/index.php?rest_route=\/wp\/v2\/posts\/12844","targetHints":{"allow":["GET"]}}],"collection":[{"href":"https:\/\/www.egemtv.com\/index.php?rest_route=\/wp\/v2\/posts"}],"about":[{"href":"https:\/\/www.egemtv.com\/index.php?rest_route=\/wp\/v2\/types\/post"}],"author":[{"embeddable":true,"href":"https:\/\/www.egemtv.com\/index.php?rest_route=\/wp\/v2\/users\/1"}],"replies":[{"embeddable":true,"href":"https:\/\/www.egemtv.com\/index.php?rest_route=%2Fwp%2Fv2%2Fcomments&post=12844"}],"version-history":[{"count":1,"href":"https:\/\/www.egemtv.com\/index.php?rest_route=\/wp\/v2\/posts\/12844\/revisions"}],"predecessor-version":[{"id":12846,"href":"https:\/\/www.egemtv.com\/index.php?rest_route=\/wp\/v2\/posts\/12844\/revisions\/12846"}],"wp:featuredmedia":[{"embeddable":true,"href":"https:\/\/www.egemtv.com\/index.php?rest_route=\/wp\/v2\/media\/12845"}],"wp:attachment":[{"href":"https:\/\/www.egemtv.com\/index.php?rest_route=%2Fwp%2Fv2%2Fmedia&parent=12844"}],"wp:term":[{"taxonomy":"category","embeddable":true,"href":"https:\/\/www.egemtv.com\/index.php?rest_route=%2Fwp%2Fv2%2Fcategories&post=12844"},{"taxonomy":"post_tag","embeddable":true,"href":"https:\/\/www.egemtv.com\/index.php?rest_route=%2Fwp%2Fv2%2Ftags&post=12844"}],"curies":[{"name":"wp","href":"https:\/\/api.w.org\/{rel}","templated":true}]}}