{"id":12841,"date":"2025-01-27T14:01:04","date_gmt":"2025-01-27T11:01:04","guid":{"rendered":"https:\/\/www.egemtv.com\/?p=12841"},"modified":"2025-01-27T14:01:06","modified_gmt":"2025-01-27T11:01:06","slug":"goztepe-furkan-bayir-icin-alanyasporla-anlasma-sagladi","status":"publish","type":"post","link":"https:\/\/www.egemtv.com\/?p=12841","title":{"rendered":"G\u00f6ztepe, Furkan Bay\u0131r i\u00e7in Alanyaspor\u2019la anla\u015fma sa\u011flad\u0131"},"content":{"rendered":"<p>G\u00f6ztepe, Alanyaspor\u2019un 24 ya\u015f\u0131ndaki savunma oyuncusu Furkan Bay\u0131r\u2019la her konuda anla\u015fma sa\u011flad\u0131.<br \/>\n<br \/>G\u00f6ztepe, ara transfer d\u00f6neminin a\u00e7\u0131lmas\u0131yla birlikte takviyelere ba\u015flad\u0131. \u0130lk olarak forvet hatt\u0131n\u0131 g\u00fc\u00e7lendiren \u0130zmir ekibi, Athletico Paranaense\u2019den Emersonn Correia da Silva\u2019y\u0131 kadrosuna katt\u0131. \u015eimdi de savunmaya transfer yapmak i\u00e7in harekete ge\u00e7en sar\u0131-k\u0131rm\u0131z\u0131l\u0131lar, Alanyaspor\u2019da kadro d\u0131\u015f\u0131 kalan 24 ya\u015f\u0131ndaki stoper Furkan Bay\u0131r\u2019\u0131 renklerine ba\u011flamak i\u00e7in her konuda anla\u015fma sa\u011flad\u0131. Son detaylar\u0131n g\u00f6r\u00fc\u015f\u00fclmesinden sonra taraftar aras\u0131nda resmi imzalar\u0131n at\u0131lmas\u0131 ve transfer duyurusunun da yap\u0131lmas\u0131 bekleniyor.<br \/>\n<br \/>G\u00f6ztepe\u2019nin, 2025 Haziran\u2019da s\u00f6zle\u015fmesi bitecek olan gen\u00e7 oyuncu i\u00e7in Alanyaspor\u2019a bir miktar bonservis bedeli \u00f6deyece\u011fi ifade edildi.<br \/>\n<br \/>Menemen FK altyap\u0131s\u0131nda yeti\u015fen Furkan Bay\u0131r\u2019\u0131n da tekrar \u0130zmir\u2019e d\u00f6nmek istedi\u011fi belirtildi.<br \/>\n<br \/>24 ya\u015f\u0131ndaki futbolcu, bu sezon Alanyaspor formas\u0131yla 4 ma\u00e7a \u00e7\u0131karken, 223 dakika sahada kald\u0131.<br \/><\/p>\n","protected":false},"excerpt":{"rendered":"<p>G\u00f6ztepe, Alanyaspor\u2019un 24 ya\u015f\u0131ndaki savunma oyuncusu Furkan Bay\u0131r\u2019la her konuda anla\u015fma sa\u011flad\u0131. G\u00f6ztepe, ara transfer d\u00f6neminin a\u00e7\u0131lmas\u0131yla birlikte takviyelere ba\u015flad\u0131. \u0130lk olarak forvet hatt\u0131n\u0131 g\u00fc\u00e7lendiren \u0130zmir ekibi, Athletico Paranaense\u2019den Emersonn Correia da Silva\u2019y\u0131 kadrosuna katt\u0131. \u015eimdi de savunmaya transfer yapmak i\u00e7in harekete ge\u00e7en sar\u0131-k\u0131rm\u0131z\u0131l\u0131lar, Alanyaspor\u2019da kadro d\u0131\u015f\u0131 kalan 24 ya\u015f\u0131ndaki stoper Furkan Bay\u0131r\u2019\u0131 renklerine ba\u011flamak&#8230;<\/p>\n","protected":false},"author":1,"featured_media":12842,"comment_status":"open","ping_status":"open","sticky":false,"template":"","format":"standard","meta":{"_crdt_document":"","footnotes":""},"categories":[4],"tags":[],"class_list":["post-12841","post","type-post","status-publish","format-standard","has-post-thumbnail","hentry","category-spor"],"_links":{"self":[{"href":"https:\/\/www.egemtv.com\/index.php?rest_route=\/wp\/v2\/posts\/12841","targetHints":{"allow":["GET"]}}],"collection":[{"href":"https:\/\/www.egemtv.com\/index.php?rest_route=\/wp\/v2\/posts"}],"about":[{"href":"https:\/\/www.egemtv.com\/index.php?rest_route=\/wp\/v2\/types\/post"}],"author":[{"embeddable":true,"href":"https:\/\/www.egemtv.com\/index.php?rest_route=\/wp\/v2\/users\/1"}],"replies":[{"embeddable":true,"href":"https:\/\/www.egemtv.com\/index.php?rest_route=%2Fwp%2Fv2%2Fcomments&post=12841"}],"version-history":[{"count":1,"href":"https:\/\/www.egemtv.com\/index.php?rest_route=\/wp\/v2\/posts\/12841\/revisions"}],"predecessor-version":[{"id":12843,"href":"https:\/\/www.egemtv.com\/index.php?rest_route=\/wp\/v2\/posts\/12841\/revisions\/12843"}],"wp:featuredmedia":[{"embeddable":true,"href":"https:\/\/www.egemtv.com\/index.php?rest_route=\/wp\/v2\/media\/12842"}],"wp:attachment":[{"href":"https:\/\/www.egemtv.com\/index.php?rest_route=%2Fwp%2Fv2%2Fmedia&parent=12841"}],"wp:term":[{"taxonomy":"category","embeddable":true,"href":"https:\/\/www.egemtv.com\/index.php?rest_route=%2Fwp%2Fv2%2Fcategories&post=12841"},{"taxonomy":"post_tag","embeddable":true,"href":"https:\/\/www.egemtv.com\/index.php?rest_route=%2Fwp%2Fv2%2Ftags&post=12841"}],"curies":[{"name":"wp","href":"https:\/\/api.w.org\/{rel}","templated":true}]}}