{"id":12838,"date":"2025-01-27T13:58:13","date_gmt":"2025-01-27T10:58:13","guid":{"rendered":"https:\/\/www.egemtv.com\/?p=12838"},"modified":"2025-01-27T13:58:16","modified_gmt":"2025-01-27T10:58:16","slug":"ispartada-15-tarihi-eser-ele-gecirildi","status":"publish","type":"post","link":"https:\/\/www.egemtv.com\/?p=12838","title":{"rendered":"Isparta\u2019da 15 tarihi eser ele ge\u00e7irildi"},"content":{"rendered":"<p>Isparta\u2019da jandarman\u0131n d\u00fczenledi\u011fi operasyonlarda 15 tarihi eser ele ge\u00e7irildi.<br \/>\n<br \/>\u0130l Jandarma Komutanl\u0131\u011f\u0131, tarihi ve k\u00fclt\u00fcrel miras\u0131n korunmas\u0131na y\u00f6nelik yapt\u0131\u011f\u0131 \u00e7al\u0131\u015fmalar kapsam\u0131nda G\u00f6nen il\u00e7esinde operasyon ger\u00e7ekle\u015ftirdi. Operasyonda, 15 adet tarihi eser ele ge\u00e7irilirken, 2 \u015f\u00fcpheli g\u00f6zalt\u0131na al\u0131nd\u0131. \u015e\u00fcpheliler hakk\u0131nda adli i\u015flem ba\u015flat\u0131ld\u0131.<br \/><\/p>\n","protected":false},"excerpt":{"rendered":"<p>Isparta\u2019da jandarman\u0131n d\u00fczenledi\u011fi operasyonlarda 15 tarihi eser ele ge\u00e7irildi. \u0130l Jandarma Komutanl\u0131\u011f\u0131, tarihi ve k\u00fclt\u00fcrel miras\u0131n korunmas\u0131na y\u00f6nelik yapt\u0131\u011f\u0131 \u00e7al\u0131\u015fmalar kapsam\u0131nda G\u00f6nen il\u00e7esinde operasyon ger\u00e7ekle\u015ftirdi. Operasyonda, 15 adet tarihi eser ele ge\u00e7irilirken, 2 \u015f\u00fcpheli g\u00f6zalt\u0131na al\u0131nd\u0131. \u015e\u00fcpheliler hakk\u0131nda adli i\u015flem ba\u015flat\u0131ld\u0131.<\/p>\n","protected":false},"author":1,"featured_media":12839,"comment_status":"open","ping_status":"open","sticky":false,"template":"","format":"standard","meta":{"_crdt_document":"","footnotes":""},"categories":[5],"tags":[],"class_list":["post-12838","post","type-post","status-publish","format-standard","has-post-thumbnail","hentry","category-asayis"],"_links":{"self":[{"href":"https:\/\/www.egemtv.com\/index.php?rest_route=\/wp\/v2\/posts\/12838","targetHints":{"allow":["GET"]}}],"collection":[{"href":"https:\/\/www.egemtv.com\/index.php?rest_route=\/wp\/v2\/posts"}],"about":[{"href":"https:\/\/www.egemtv.com\/index.php?rest_route=\/wp\/v2\/types\/post"}],"author":[{"embeddable":true,"href":"https:\/\/www.egemtv.com\/index.php?rest_route=\/wp\/v2\/users\/1"}],"replies":[{"embeddable":true,"href":"https:\/\/www.egemtv.com\/index.php?rest_route=%2Fwp%2Fv2%2Fcomments&post=12838"}],"version-history":[{"count":1,"href":"https:\/\/www.egemtv.com\/index.php?rest_route=\/wp\/v2\/posts\/12838\/revisions"}],"predecessor-version":[{"id":12840,"href":"https:\/\/www.egemtv.com\/index.php?rest_route=\/wp\/v2\/posts\/12838\/revisions\/12840"}],"wp:featuredmedia":[{"embeddable":true,"href":"https:\/\/www.egemtv.com\/index.php?rest_route=\/wp\/v2\/media\/12839"}],"wp:attachment":[{"href":"https:\/\/www.egemtv.com\/index.php?rest_route=%2Fwp%2Fv2%2Fmedia&parent=12838"}],"wp:term":[{"taxonomy":"category","embeddable":true,"href":"https:\/\/www.egemtv.com\/index.php?rest_route=%2Fwp%2Fv2%2Fcategories&post=12838"},{"taxonomy":"post_tag","embeddable":true,"href":"https:\/\/www.egemtv.com\/index.php?rest_route=%2Fwp%2Fv2%2Ftags&post=12838"}],"curies":[{"name":"wp","href":"https:\/\/api.w.org\/{rel}","templated":true}]}}