{"id":12835,"date":"2025-01-27T13:49:37","date_gmt":"2025-01-27T10:49:37","guid":{"rendered":"https:\/\/www.egemtv.com\/?p=12835"},"modified":"2025-01-27T13:49:40","modified_gmt":"2025-01-27T10:49:40","slug":"saklikent-kanyonunu-590-bin-kisi-ziyaret-etti","status":"publish","type":"post","link":"https:\/\/www.egemtv.com\/?p=12835","title":{"rendered":"Sakl\u0131kent Kanyonu\u2019nu 590 bin ki\u015fi ziyaret etti"},"content":{"rendered":"<p>Seydikemer \u0130l\u00e7esi\u2019ndeki 18 kilometrelik d\u00fcnyaca \u00fcnl\u00fc Sakl\u0131kent Kanyonu\u2019nu, ge\u00e7en y\u0131l 590 bin ki\u015fi ziyaret etti.<\/p>\n<p>Mu\u011fla\u2019n\u0131n Seydikemer \u0130l\u00e7esi\u2019nde bir \u00e7oban\u0131n ka\u00e7an ke\u00e7ilerini ararken ke\u015ffetti\u011fi Sakl\u0131kent Kanyonu\u2019nu ziyaret say\u0131s\u0131 2023 y\u0131l\u0131na oranla y\u00fczde 7.2 artarak 2024 y\u0131l\u0131nda 590 bine y\u00fckseldi.<\/p>\n<p>Seydikemer \u0130l\u00e7esi Kayadibi Mahallesi\u2019nde bulunan ve belediye taraf\u0131ndan i\u015fletilen kanyon, do\u011fal yap\u0131s\u0131, ak\u0131nt\u0131larla \u015fekillenmi\u015f kayalar\u0131yla dikkati \u00e7ekiyor. \u00c7e\u015fitli sportif etkinliklere imkan tan\u0131yan, yaz aylar\u0131nda dahi suyunun s\u0131cakl\u0131\u011f\u0131 yakla\u015f\u0131k 5 derece olan kanyon, macera tutkunlar\u0131n\u0131 da a\u011f\u0131rl\u0131yor.<br \/><\/p>\n","protected":false},"excerpt":{"rendered":"<p>Seydikemer \u0130l\u00e7esi\u2019ndeki 18 kilometrelik d\u00fcnyaca \u00fcnl\u00fc Sakl\u0131kent Kanyonu\u2019nu, ge\u00e7en y\u0131l 590 bin ki\u015fi ziyaret etti. Mu\u011fla\u2019n\u0131n Seydikemer \u0130l\u00e7esi\u2019nde bir \u00e7oban\u0131n ka\u00e7an ke\u00e7ilerini ararken ke\u015ffetti\u011fi Sakl\u0131kent Kanyonu\u2019nu ziyaret say\u0131s\u0131 2023 y\u0131l\u0131na oranla y\u00fczde 7.2 artarak 2024 y\u0131l\u0131nda 590 bine y\u00fckseldi. Seydikemer \u0130l\u00e7esi Kayadibi Mahallesi\u2019nde bulunan ve belediye taraf\u0131ndan i\u015fletilen kanyon, do\u011fal yap\u0131s\u0131, ak\u0131nt\u0131larla \u015fekillenmi\u015f kayalar\u0131yla dikkati&#8230;<\/p>\n","protected":false},"author":1,"featured_media":12836,"comment_status":"open","ping_status":"open","sticky":false,"template":"","format":"standard","meta":{"_crdt_document":"","footnotes":""},"categories":[1],"tags":[],"class_list":["post-12835","post","type-post","status-publish","format-standard","has-post-thumbnail","hentry","category-guncel"],"_links":{"self":[{"href":"https:\/\/www.egemtv.com\/index.php?rest_route=\/wp\/v2\/posts\/12835","targetHints":{"allow":["GET"]}}],"collection":[{"href":"https:\/\/www.egemtv.com\/index.php?rest_route=\/wp\/v2\/posts"}],"about":[{"href":"https:\/\/www.egemtv.com\/index.php?rest_route=\/wp\/v2\/types\/post"}],"author":[{"embeddable":true,"href":"https:\/\/www.egemtv.com\/index.php?rest_route=\/wp\/v2\/users\/1"}],"replies":[{"embeddable":true,"href":"https:\/\/www.egemtv.com\/index.php?rest_route=%2Fwp%2Fv2%2Fcomments&post=12835"}],"version-history":[{"count":1,"href":"https:\/\/www.egemtv.com\/index.php?rest_route=\/wp\/v2\/posts\/12835\/revisions"}],"predecessor-version":[{"id":12837,"href":"https:\/\/www.egemtv.com\/index.php?rest_route=\/wp\/v2\/posts\/12835\/revisions\/12837"}],"wp:featuredmedia":[{"embeddable":true,"href":"https:\/\/www.egemtv.com\/index.php?rest_route=\/wp\/v2\/media\/12836"}],"wp:attachment":[{"href":"https:\/\/www.egemtv.com\/index.php?rest_route=%2Fwp%2Fv2%2Fmedia&parent=12835"}],"wp:term":[{"taxonomy":"category","embeddable":true,"href":"https:\/\/www.egemtv.com\/index.php?rest_route=%2Fwp%2Fv2%2Fcategories&post=12835"},{"taxonomy":"post_tag","embeddable":true,"href":"https:\/\/www.egemtv.com\/index.php?rest_route=%2Fwp%2Fv2%2Ftags&post=12835"}],"curies":[{"name":"wp","href":"https:\/\/api.w.org\/{rel}","templated":true}]}}