{"id":12829,"date":"2025-01-27T13:46:56","date_gmt":"2025-01-27T10:46:56","guid":{"rendered":"https:\/\/www.egemtv.com\/?p=12829"},"modified":"2025-01-27T13:46:58","modified_gmt":"2025-01-27T10:46:58","slug":"kazada-karisini-kaybetti-surucu-tahliye-edilince-acisi-ikiye-katlandi","status":"publish","type":"post","link":"https:\/\/www.egemtv.com\/?p=12829","title":{"rendered":"Kazada kar\u0131s\u0131n\u0131 kaybetti, s\u00fcr\u00fcc\u00fc tahliye edilince ac\u0131s\u0131 ikiye katland\u0131"},"content":{"rendered":"<p>Isparta\u2019da ge\u00e7ti\u011fimiz y\u0131l otomobilin \u00e7arpt\u0131\u011f\u0131 kad\u0131n hayat\u0131n\u0131 kaybetti, ba\u015fka bir kad\u0131n ise a\u011f\u0131r yaraland\u0131. Kazadan sonra s\u00fcr\u00fcc\u00fc olay yerinden ka\u00e7t\u0131 ancak 1,5 saat sonra teslim olup tutukland\u0131. Toplam 6 y\u0131l 8 ay hapis cezas\u0131 verilen san\u0131k, yakla\u015f\u0131k 9 ay sonra d\u00f6rd\u00fcnc\u00fc duru\u015fmas\u0131nda tutuklu kald\u0131\u011f\u0131 s\u00fcre g\u00f6z \u00f6n\u00fcne al\u0131narak tahliye edildi. Kazada hayat\u0131n\u0131 kaybeden kad\u0131n\u0131n ailesi ise tahliye karar\u0131na tepki g\u00f6sterdi. Ac\u0131l\u0131 e\u015f Adnan Y\u0131ld\u0131z, g\u00f6zya\u015flar\u0131 i\u00e7inde e\u015finin k\u0131yafetlerine sar\u0131larak, &#8220;Bu bir kaza de\u011fil, cinayet. Asl\u0131nda bu ac\u0131y\u0131 hi\u00e7bir ceza hafifletmezken, san\u0131k tahliye edildi&#8221; dedi.<br \/>\n<br \/>Olay, 1 Nisan 2024 tarihinde Isparta Karaa\u011fa\u00e7 Mahallesi 134. Cadde \u00fczerinde meydana geldi. Edinilen bilgilere g\u00f6re, Ali E. (28) y\u00f6netimindeki hafif ticari ara\u00e7, s\u00fcr\u00fcc\u00fcs\u00fcn\u00fcn direksiyon h\u00e2kimiyetini kaybetmesi sonucu yaya Alime Y\u0131ld\u0131z (58) ve \u00dcmmahan U.\u2019ya \u00e7arpt\u0131. S\u00fcr\u00fcc\u00fc Ali E. olay sonras\u0131 arac\u0131yla birlikte olay yerinden ka\u00e7t\u0131. Kazada Alime Y\u0131ld\u0131z ve \u00dcmmahan U. a\u011f\u0131r yaraland\u0131. Kazay\u0131 g\u00f6renlerin 112 Acil \u00c7a\u011fr\u0131 Merkezi\u2019ne ihbar\u0131 \u00fczerine b\u00f6lgeye polis ve sa\u011fl\u0131k ekipleri sevk edildi. Olay yerine gelen sa\u011fl\u0131k ekipleri, Alime Y\u0131ld\u0131z\u2019\u0131 hastaneye kald\u0131r\u0131rken, hayat\u0131n\u0131 kaybetti\u011fini belirledi. \u00dcmmahan U. ise yo\u011fun bak\u0131ma al\u0131nd\u0131. Kaza sonras\u0131 ka\u00e7an Ali E., yakla\u015f\u0131k 1,5 saat sonra polis karakoluna giderek teslim oldu. Yap\u0131lan kontrollerde, s\u00fcr\u00fcc\u00fc Ali E.\u2019nin 0.52 promil alkoll\u00fc oldu\u011fu tespit edildi. Ali E., al\u0131nan ifadesinin ard\u0131ndan tutuklanarak cezaevine g\u00f6nderildi.<\/p>\n<p>D\u00f6rd\u00fcnc\u00fc duru\u015fmada tahliye edildi<br \/>\n<br \/>Kazan\u0131n ard\u0131ndan tutuklanan Ali E., toplam d\u00f6rt kez h\u00e2kim kar\u015f\u0131s\u0131na \u00e7\u0131kt\u0131. Mahkeme, san\u0131k Ali E.\u2019yi &#8220;taksirle \u00f6l\u00fcme ve yaralanmaya sebebiyet verme&#8221; su\u00e7undan 6 y\u0131l 8 ay hapis cezas\u0131na \u00e7arpt\u0131rd\u0131, 9 ayl\u0131k tutukluluk s\u00fcresi g\u00f6z \u00f6n\u00fcne al\u0131narak tahliyesine karar verdi.<\/p>\n<p>&#8220;Her g\u00fcn mezar\u0131n\u0131n ba\u015f\u0131nda g\u00f6zya\u015f\u0131 d\u00f6k\u00fcyorum&#8221;<br \/>\n<br \/>Karar, Alime Y\u0131ld\u0131z\u2019\u0131n ailesinin tepkisini \u00e7ekti. Ac\u0131l\u0131 e\u015f Adnan Y\u0131ld\u0131z, g\u00f6zya\u015flar\u0131 i\u00e7erisinde yapt\u0131\u011f\u0131 a\u00e7\u0131klamada, &#8220;Benim e\u015fim \u00f6ld\u00fcr\u00fclmedi, yok edildi. Bu bir kaza de\u011fil, cinayettir. E\u015fim teravih namaz\u0131na gitmek i\u00e7in evden \u00e7\u0131kt\u0131 ama bir daha d\u00f6nmedi. Onu kaybetti\u011fim g\u00fcnden beri hayat\u0131m alt\u00fcst oldu. Psikolojik ve fiziksel sa\u011fl\u0131k sorunlar\u0131 ya\u015f\u0131yorum. Her g\u00fcn mezar\u0131n\u0131n ba\u015f\u0131nda g\u00f6zya\u015f\u0131 d\u00f6k\u00fcyorum. Adalet istiyorum. Bu ki\u015finin en az 15 y\u0131l ceza almas\u0131 gerekiyor. E\u015fim geri gelmeyecek ama ba\u015fka canlar yanmas\u0131n&#8221; \u015feklinde konu\u015ftu.<\/p>\n<p>&#8220;Bir taziye mesaj\u0131 bile gelmedi&#8221;<br \/>\n<br \/>Kendilerine bir taziye mesaj\u0131 bile gelmedi\u011fini s\u00f6yleyen Adnan Y\u0131ld\u0131z, &#8220;Oysa biz insanl\u0131k beklerdik. \u015eimdi ise mahkeme salonunda ya\u015fad\u0131\u011f\u0131m\u0131z k\u0131\u015fk\u0131rtmalarla bir kez daha y\u0131k\u0131ld\u0131k. Bizim ac\u0131m\u0131z\u0131 kimse anlam\u0131yor ama biz adaletin yerini bulmas\u0131 i\u00e7in m\u00fccadele etmeye devam edece\u011fiz&#8221; ifadelerini kulland\u0131.<\/p>\n<p>&#8220;Alkol testi mahkemeye onaylat\u0131lamad\u0131\u011f\u0131 i\u00e7in delil yok say\u0131ld\u0131&#8221;<br \/>\n<br \/>Merhumun o\u011flu Arif Y\u0131ld\u0131z ise, &#8220;San\u0131k alkoll\u00fc ve h\u0131z s\u0131n\u0131r\u0131n\u0131 a\u015farak anneme \u00e7arpt\u0131. \u0130lk 24 saat i\u00e7inde alkol testi mahkemeye onaylat\u0131lamad\u0131\u011f\u0131 i\u00e7in delil yok say\u0131ld\u0131. Biz bu ihmallerin kurban\u0131 olduk. Annem hayatta olabilirdi ama zaman\u0131nda yard\u0131m edilmedi. Bu sadece bizim davam\u0131z de\u011fil, binlerce ma\u011fdur aile ad\u0131na adalet ar\u0131yoruz. \u015eahs\u0131n tekrar yarg\u0131lanmas\u0131n\u0131 ve en a\u011f\u0131r cezay\u0131 almas\u0131n\u0131 talep ediyoruz&#8221; dedi.<br \/>\n<br \/>Y\u0131ld\u0131z ailesi, bu s\u00fcrecin yeniden ele al\u0131nmas\u0131n\u0131 ve adaletin sa\u011flanmas\u0131n\u0131 talep etti. Aile, toplumun bu t\u00fcr olaylara kar\u015f\u0131 daha duyarl\u0131 olmas\u0131 gerekti\u011fini belirterek ba\u015fka ac\u0131lar\u0131n ya\u015fanmamas\u0131 i\u00e7in m\u00fccadelelerini s\u00fcrd\u00fcreceklerini vurgulad\u0131.<br \/><\/p>\n","protected":false},"excerpt":{"rendered":"<p>Isparta\u2019da ge\u00e7ti\u011fimiz y\u0131l otomobilin \u00e7arpt\u0131\u011f\u0131 kad\u0131n hayat\u0131n\u0131 kaybetti, ba\u015fka bir kad\u0131n ise a\u011f\u0131r yaraland\u0131. Kazadan sonra s\u00fcr\u00fcc\u00fc olay yerinden ka\u00e7t\u0131 ancak 1,5 saat sonra teslim olup tutukland\u0131. Toplam 6 y\u0131l 8 ay hapis cezas\u0131 verilen san\u0131k, yakla\u015f\u0131k 9 ay sonra d\u00f6rd\u00fcnc\u00fc duru\u015fmas\u0131nda tutuklu kald\u0131\u011f\u0131 s\u00fcre g\u00f6z \u00f6n\u00fcne al\u0131narak tahliye edildi. Kazada hayat\u0131n\u0131 kaybeden kad\u0131n\u0131n ailesi&#8230;<\/p>\n","protected":false},"author":1,"featured_media":12830,"comment_status":"open","ping_status":"open","sticky":false,"template":"","format":"standard","meta":{"_crdt_document":"","footnotes":""},"categories":[5],"tags":[],"class_list":["post-12829","post","type-post","status-publish","format-standard","has-post-thumbnail","hentry","category-asayis"],"_links":{"self":[{"href":"https:\/\/www.egemtv.com\/index.php?rest_route=\/wp\/v2\/posts\/12829","targetHints":{"allow":["GET"]}}],"collection":[{"href":"https:\/\/www.egemtv.com\/index.php?rest_route=\/wp\/v2\/posts"}],"about":[{"href":"https:\/\/www.egemtv.com\/index.php?rest_route=\/wp\/v2\/types\/post"}],"author":[{"embeddable":true,"href":"https:\/\/www.egemtv.com\/index.php?rest_route=\/wp\/v2\/users\/1"}],"replies":[{"embeddable":true,"href":"https:\/\/www.egemtv.com\/index.php?rest_route=%2Fwp%2Fv2%2Fcomments&post=12829"}],"version-history":[{"count":1,"href":"https:\/\/www.egemtv.com\/index.php?rest_route=\/wp\/v2\/posts\/12829\/revisions"}],"predecessor-version":[{"id":12831,"href":"https:\/\/www.egemtv.com\/index.php?rest_route=\/wp\/v2\/posts\/12829\/revisions\/12831"}],"wp:featuredmedia":[{"embeddable":true,"href":"https:\/\/www.egemtv.com\/index.php?rest_route=\/wp\/v2\/media\/12830"}],"wp:attachment":[{"href":"https:\/\/www.egemtv.com\/index.php?rest_route=%2Fwp%2Fv2%2Fmedia&parent=12829"}],"wp:term":[{"taxonomy":"category","embeddable":true,"href":"https:\/\/www.egemtv.com\/index.php?rest_route=%2Fwp%2Fv2%2Fcategories&post=12829"},{"taxonomy":"post_tag","embeddable":true,"href":"https:\/\/www.egemtv.com\/index.php?rest_route=%2Fwp%2Fv2%2Ftags&post=12829"}],"curies":[{"name":"wp","href":"https:\/\/api.w.org\/{rel}","templated":true}]}}