{"id":12805,"date":"2025-01-27T13:07:04","date_gmt":"2025-01-27T10:07:04","guid":{"rendered":"https:\/\/www.egemtv.com\/?p=12805"},"modified":"2025-01-27T13:07:07","modified_gmt":"2025-01-27T10:07:07","slug":"marmaris-turizm-fuarina-hazir","status":"publish","type":"post","link":"https:\/\/www.egemtv.com\/?p=12805","title":{"rendered":"Marmaris, turizm fuar\u0131na haz\u0131r"},"content":{"rendered":"<p>Marmaris, bu y\u0131l 28. kez kap\u0131lar\u0131n\u0131 a\u00e7acak olan Do\u011fu Akdeniz Uluslararas\u0131 Turizm ve Seyahat Fuar\u0131 EMITT\u2019te geni\u015f bir kat\u0131l\u0131mla yer alacak.<br \/>\n<br \/>D\u00fcnyan\u0131n en b\u00fcy\u00fck be\u015f turizm fuar\u0131ndan biri olan Do\u011fu Akdeniz Uluslararas\u0131 Turizm ve Seyahat Fuar\u0131 EMITT, 28. kez kap\u0131lar\u0131n\u0131 a\u00e7acak. 5-7 \u015eubat tarihlerinde \u0130stanbul T\u00dcYAP Fuar ve Kongre Merkezi\u2019nde d\u00fczenlenecek fuarda Marmaris de geni\u015f bir kat\u0131l\u0131mla yer alacak.<br \/>\n<br \/>Marmaris Belediyesi ile birlikte Marmaris Ticaret Odas\u0131, oteller ve seyahat acentelerinin ayn\u0131 alanda Marmaris\u2019in tan\u0131t\u0131m\u0131 yapaca\u011f\u0131 fuar i\u00e7in t\u00fcm haz\u0131rl\u0131klar tamamland\u0131. Marmaris Belediyesi ve Marmarisli turizmciler Salon 7 Stand 7241\u2019de misafirlerini a\u011f\u0131rlayacak. Stantta 5 \u015eubat \u00c7ar\u015famba g\u00fcn\u00fc saat 15.00\u2019da da bir a\u00e7\u0131l\u0131\u015f kokteyli d\u00fczenlenecek. Marmaris\u2019in e\u015fsiz koylar\u0131, berrak sular\u0131, muhte\u015fem do\u011fas\u0131, tarihi ve k\u00fclt\u00fcr\u00fcyle t\u00fcm g\u00fczelliklerinin ziyaret\u00e7ilere anlat\u0131laca\u011f\u0131 fuarda Marmaris\u2019in her mevsim tatil yap\u0131labilecek bir destinasyon oldu\u011fu vurgusu yap\u0131lacak.<br \/>\n<br \/>Her y\u0131l y\u00fczlerce kat\u0131l\u0131mc\u0131 ve on binlerce ziyaret\u00e7iyi Emitt Fuar\u0131\u2019n\u0131n Marmaris\u2019in tan\u0131t\u0131m\u0131 a\u00e7\u0131s\u0131ndan \u00e7ok \u00f6nemli oldu\u011funu s\u00f6yleyen Marmaris Belediye Ba\u015fkan\u0131 Acar \u00dcnl\u00fc, \u201cGerek yurt i\u00e7i gerekse yurt d\u0131\u015f\u0131 fuarlarda payda\u015flar\u0131m\u0131zla birlikte Marmaris\u2019i en iyi \u015fekilde temsil etmeye ve tan\u0131tmaya gayret g\u00f6steriyoruz. Emitt Fuar\u0131 da d\u00fcnyan\u0131n en \u00f6nemli fuarlar\u0131ndan birisi. Burada da b\u00f6lgemizi en iyi bi\u00e7imde tan\u0131taca\u011f\u0131z. Fuarda yer alacak t\u00fcm kat\u0131l\u0131mc\u0131lar\u0131 ve davetlileri Marmaris stand\u0131na bekliyoruz\u201d dedi.<br \/><\/p>\n","protected":false},"excerpt":{"rendered":"<p>Marmaris, bu y\u0131l 28. kez kap\u0131lar\u0131n\u0131 a\u00e7acak olan Do\u011fu Akdeniz Uluslararas\u0131 Turizm ve Seyahat Fuar\u0131 EMITT\u2019te geni\u015f bir kat\u0131l\u0131mla yer alacak. D\u00fcnyan\u0131n en b\u00fcy\u00fck be\u015f turizm fuar\u0131ndan biri olan Do\u011fu Akdeniz Uluslararas\u0131 Turizm ve Seyahat Fuar\u0131 EMITT, 28. kez kap\u0131lar\u0131n\u0131 a\u00e7acak. 5-7 \u015eubat tarihlerinde \u0130stanbul T\u00dcYAP Fuar ve Kongre Merkezi\u2019nde d\u00fczenlenecek fuarda Marmaris de geni\u015f&#8230;<\/p>\n","protected":false},"author":1,"featured_media":12806,"comment_status":"open","ping_status":"open","sticky":false,"template":"","format":"standard","meta":{"_crdt_document":"","footnotes":""},"categories":[1],"tags":[],"class_list":["post-12805","post","type-post","status-publish","format-standard","has-post-thumbnail","hentry","category-guncel"],"_links":{"self":[{"href":"https:\/\/www.egemtv.com\/index.php?rest_route=\/wp\/v2\/posts\/12805","targetHints":{"allow":["GET"]}}],"collection":[{"href":"https:\/\/www.egemtv.com\/index.php?rest_route=\/wp\/v2\/posts"}],"about":[{"href":"https:\/\/www.egemtv.com\/index.php?rest_route=\/wp\/v2\/types\/post"}],"author":[{"embeddable":true,"href":"https:\/\/www.egemtv.com\/index.php?rest_route=\/wp\/v2\/users\/1"}],"replies":[{"embeddable":true,"href":"https:\/\/www.egemtv.com\/index.php?rest_route=%2Fwp%2Fv2%2Fcomments&post=12805"}],"version-history":[{"count":1,"href":"https:\/\/www.egemtv.com\/index.php?rest_route=\/wp\/v2\/posts\/12805\/revisions"}],"predecessor-version":[{"id":12807,"href":"https:\/\/www.egemtv.com\/index.php?rest_route=\/wp\/v2\/posts\/12805\/revisions\/12807"}],"wp:featuredmedia":[{"embeddable":true,"href":"https:\/\/www.egemtv.com\/index.php?rest_route=\/wp\/v2\/media\/12806"}],"wp:attachment":[{"href":"https:\/\/www.egemtv.com\/index.php?rest_route=%2Fwp%2Fv2%2Fmedia&parent=12805"}],"wp:term":[{"taxonomy":"category","embeddable":true,"href":"https:\/\/www.egemtv.com\/index.php?rest_route=%2Fwp%2Fv2%2Fcategories&post=12805"},{"taxonomy":"post_tag","embeddable":true,"href":"https:\/\/www.egemtv.com\/index.php?rest_route=%2Fwp%2Fv2%2Ftags&post=12805"}],"curies":[{"name":"wp","href":"https:\/\/api.w.org\/{rel}","templated":true}]}}