{"id":12802,"date":"2025-01-27T12:51:07","date_gmt":"2025-01-27T09:51:07","guid":{"rendered":"https:\/\/www.egemtv.com\/?p=12802"},"modified":"2025-01-27T12:51:09","modified_gmt":"2025-01-27T09:51:09","slug":"buyuksehirin-emekli-kartini-aydinlilar-cok-sevdi","status":"publish","type":"post","link":"https:\/\/www.egemtv.com\/?p=12802","title":{"rendered":"B\u00fcy\u00fck\u015fehir\u2019in \u2018Emekli Kart\u2019\u0131n\u0131 Ayd\u0131nl\u0131lar \u00e7ok sevdi"},"content":{"rendered":"<p>Ayd\u0131n B\u00fcy\u00fck\u015fehir Belediyesi\u2019nin emeklilere y\u00f6nelik ba\u015flatt\u0131\u011f\u0131 destek projesi kapsam\u0131nda il genelinde \u2018Emekli Kart\u2019\u0131 kullananlar\u0131n say\u0131s\u0131 110 bin 500 olurken, vatanda\u015flar Halk Ege Et \u015fubelerinde et ve s\u00fct \u00fcr\u00fcnlerinde y\u00fczde 20\u2019lik indirimden faydalanabiliyor.<\/p>\n<p>Ayd\u0131n B\u00fcy\u00fck\u015fehir Belediyesi emeklilere y\u00f6nelik ba\u015flatt\u0131\u011f\u0131 destek projesiyle Ayd\u0131n\u2019da ya\u015fayan emekli vatanda\u015flara destek olmaya devam ediyor. Hayata ge\u00e7irilen Emekli Kart projesiyle art\u0131k Ayd\u0131n\u2019da ya\u015fayan emekli vatanda\u015flar, et ve et \u00fcr\u00fcnlerini Halk Ege Et ma\u011fazalar\u0131nda y\u00fczde 20 indirimli alabilirken, Ayd\u0131nl\u0131lar Emekli Kart\u2019\u0131 \u00e7ok sevdi. Emekli Kart sahibi vatanda\u015flar\u0131n say\u0131s\u0131 da her ge\u00e7en g\u00fcn artarken kart\u0131 kullananlar\u0131n say\u0131s\u0131 il genelinde 110 bin 500 oldu. Bug\u00fcne kadar 110 bin 500 emeklinin kulland\u0131\u011f\u0131 Ayd\u0131n B\u00fcy\u00fck\u015fehir Belediyesi Emekli Kart ile vatanda\u015flar Halk Ege Et \u015fubelerinde et ve s\u00fct \u00fcr\u00fcnlerinde y\u00fczde 20\u2019lik indirimden faydaland\u0131.<\/p>\n<p>Emekli Kart\u2019\u0131n emekliler i\u00e7in \u00e7ok \u00f6nemli ve anlaml\u0131 bir hizmet oldu\u011funu ifade eden Ayd\u0131nl\u0131 vatanda\u015flar, Ayd\u0131n B\u00fcy\u00fck\u015fehir Belediye Ba\u015fkan\u0131 \u00d6zlem \u00c7er\u00e7io\u011flu\u2019na destek projesi i\u00e7in te\u015fekk\u00fcr etti.<br \/><\/p>\n","protected":false},"excerpt":{"rendered":"<p>Ayd\u0131n B\u00fcy\u00fck\u015fehir Belediyesi\u2019nin emeklilere y\u00f6nelik ba\u015flatt\u0131\u011f\u0131 destek projesi kapsam\u0131nda il genelinde \u2018Emekli Kart\u2019\u0131 kullananlar\u0131n say\u0131s\u0131 110 bin 500 olurken, vatanda\u015flar Halk Ege Et \u015fubelerinde et ve s\u00fct \u00fcr\u00fcnlerinde y\u00fczde 20\u2019lik indirimden faydalanabiliyor. Ayd\u0131n B\u00fcy\u00fck\u015fehir Belediyesi emeklilere y\u00f6nelik ba\u015flatt\u0131\u011f\u0131 destek projesiyle Ayd\u0131n\u2019da ya\u015fayan emekli vatanda\u015flara destek olmaya devam ediyor. Hayata ge\u00e7irilen Emekli Kart projesiyle art\u0131k Ayd\u0131n\u2019da&#8230;<\/p>\n","protected":false},"author":1,"featured_media":12803,"comment_status":"open","ping_status":"open","sticky":false,"template":"","format":"standard","meta":{"_crdt_document":"","footnotes":""},"categories":[1],"tags":[],"class_list":["post-12802","post","type-post","status-publish","format-standard","has-post-thumbnail","hentry","category-guncel"],"_links":{"self":[{"href":"https:\/\/www.egemtv.com\/index.php?rest_route=\/wp\/v2\/posts\/12802","targetHints":{"allow":["GET"]}}],"collection":[{"href":"https:\/\/www.egemtv.com\/index.php?rest_route=\/wp\/v2\/posts"}],"about":[{"href":"https:\/\/www.egemtv.com\/index.php?rest_route=\/wp\/v2\/types\/post"}],"author":[{"embeddable":true,"href":"https:\/\/www.egemtv.com\/index.php?rest_route=\/wp\/v2\/users\/1"}],"replies":[{"embeddable":true,"href":"https:\/\/www.egemtv.com\/index.php?rest_route=%2Fwp%2Fv2%2Fcomments&post=12802"}],"version-history":[{"count":1,"href":"https:\/\/www.egemtv.com\/index.php?rest_route=\/wp\/v2\/posts\/12802\/revisions"}],"predecessor-version":[{"id":12804,"href":"https:\/\/www.egemtv.com\/index.php?rest_route=\/wp\/v2\/posts\/12802\/revisions\/12804"}],"wp:featuredmedia":[{"embeddable":true,"href":"https:\/\/www.egemtv.com\/index.php?rest_route=\/wp\/v2\/media\/12803"}],"wp:attachment":[{"href":"https:\/\/www.egemtv.com\/index.php?rest_route=%2Fwp%2Fv2%2Fmedia&parent=12802"}],"wp:term":[{"taxonomy":"category","embeddable":true,"href":"https:\/\/www.egemtv.com\/index.php?rest_route=%2Fwp%2Fv2%2Fcategories&post=12802"},{"taxonomy":"post_tag","embeddable":true,"href":"https:\/\/www.egemtv.com\/index.php?rest_route=%2Fwp%2Fv2%2Ftags&post=12802"}],"curies":[{"name":"wp","href":"https:\/\/api.w.org\/{rel}","templated":true}]}}