{"id":12796,"date":"2025-01-27T12:31:35","date_gmt":"2025-01-27T09:31:35","guid":{"rendered":"https:\/\/www.egemtv.com\/?p=12796"},"modified":"2025-01-27T12:31:37","modified_gmt":"2025-01-27T09:31:37","slug":"aziz-nesinin-romani-manisada-gercek-oldu","status":"publish","type":"post","link":"https:\/\/www.egemtv.com\/?p=12796","title":{"rendered":"Aziz Nesin\u2019in roman\u0131 Manisa\u2019da ger\u00e7ek oldu"},"content":{"rendered":"<p>Aziz Nesin\u2019in \u2019Ya\u015far ne ya\u015far ne ya\u015famaz\u2019 roman\u0131 Manisa\u2019da ger\u00e7ek oldu. Manisa\u2019n\u0131n Yunusemre il\u00e7esinde ya\u015fayan 74 ya\u015f\u0131ndaki R\u0131fat \u00d6zten aileden kalma arazileri karde\u015flerine b\u00f6l\u00fc\u015ft\u00fcrmek i\u00e7in gitti\u011fi Kula Tapu Dairesinde \u00f6l\u00fc oldu\u011funu \u00f6\u011frendi. N\u00fcfus kay\u0131tlar\u0131nda ya\u015fayan, tapu kay\u0131tlar\u0131nda ise \u00f6l\u00fc olarak g\u00f6r\u00fcnen \u00d6zten, &#8220;Ben ya\u015fayan bir \u00f6l\u00fcy\u00fcm. \u00d6nce ya\u015fad\u0131\u011f\u0131m\u0131 ispatlamam laz\u0131m.&#8221; dedi.<br \/>\n<br \/>Aslen Kula do\u011fumlu olan Manisa\u2019n\u0131n Yunusemre il\u00e7esinde ya\u015fayan 74 ya\u015f\u0131ndaki R\u0131fat \u00d6zten\u2019in ba\u015f\u0131na gelen olay, Aziz Nesin\u2019in \u2019Ya\u015far ne ya\u015far ne ya\u015famaz\u2019 roman\u0131n\u0131 akla getirdi. Anne ve babas\u0131n\u0131n vefat etmesinin ard\u0131ndan, k\u00f6yden kadastro ge\u00e7ince, muhtar\u0131n kendisini arad\u0131\u011f\u0131n\u0131 ve \u2019Miras\u0131n hepsini senin \u00fczerine ge\u00e7irelim, sen karde\u015flerine pay edersin\u2019 dedi\u011fini anlatan R\u0131fat \u00d6zten, o tarihte miras\u0131n tapuda kendi \u00fczerine ge\u00e7ti\u011fini s\u00f6yledi. Aileden kalma arazileri karde\u015flerine b\u00f6l\u00fc\u015ft\u00fcrmek i\u00e7in tapuya gitti\u011fini ifade eden \u00d6zten, tapu kay\u0131tlar\u0131na g\u00f6re ya\u015famad\u0131\u011f\u0131na \u015fahit olunca &#8220;Kay\u0131tlara g\u00f6re ya\u015fayan \u00f6l\u00fcy\u00fcm, durumun d\u00fczeltilmesi i\u00e7in adl\u0131 i\u015flem ba\u015flataca\u011f\u0131m.&#8221; dedi.<\/p>\n<p>\u201cYa\u015f\u0131yor muyum \u00f6l\u00fc m\u00fcy\u00fcm\u201d<br \/>\n<br \/>Ya\u015fad\u0131\u011f\u0131 trajikomik olay\u0131 anlat\u0131rken \u015fa\u015fk\u0131nl\u0131\u011f\u0131n\u0131 hala \u00fczerinden atamayan R\u0131fat \u00d6zten, Manisa\u2019n\u0131n Kula il\u00e7esine ba\u011fl\u0131 Ya\u011fbast\u0131 K\u00f6y\u00fcnde aileden kalma \u00fczerime olan tapular\u0131 karde\u015flerime b\u00f6l\u00fc\u015ft\u00fcrmek i\u00e7in ge\u00e7en hafta \u00e7ar\u015famba g\u00fcn\u00fc Kula\u2019ya gittim. Tapu Dairesine u\u011frad\u0131k. \u2018\u00d6nceden randevu alacaks\u0131n\u0131z, randevusuz i\u015flem yapam\u0131yoruz\u2019 dediler. \u0130nternetten randevu almaya \u00e7al\u0131\u015ft\u0131k alamad\u0131k. Tekrar Tapu M\u00fcd\u00fcrl\u00fc\u011f\u00fcne gittik durumu anlatt\u0131k randevu alamad\u0131\u011f\u0131m\u0131z\u0131. Bana \u2018Sen \u00f6l\u00fcs\u00fcn, sa\u011f de\u011filsin o y\u00fczden sana randevu vermiyor\u2019 dediler. O zamana kadar ak\u015fam oldu. Ak\u015fam Manisa\u2019ya d\u00f6nd\u00fck. Ertesi g\u00fcn Manisa\u2019da N\u00fcfus M\u00fcd\u00fcrl\u00fc\u011f\u00fcne u\u011frad\u0131k. Orada da Aile N\u00fcfus Kay\u0131t \u00d6rne\u011finde sa\u011f oldu\u011fum ortaya \u00e7\u0131kt\u0131. Onun i\u00e7in \u00f6nceden Aziz Nesin\u2019in bir roman vard\u0131 okumu\u015ftum. Ya\u015far ne ya\u015far ne ya\u015famaz diye o zaman pek \u00f6nemsememi\u015ftim ama ba\u015f\u0131ma gelince yazara hak vermeye ba\u015flad\u0131m. Kendim ya\u015f\u0131yor muyum, \u00f6l\u00fc m\u00fcy\u00fcm? Ya\u015fad\u0131\u011f\u0131m\u0131 ispatlamak g\u00fcc\u00fcme gidiyor. Ya\u015farken ya\u015fad\u0131\u011f\u0131m\u0131 ispatlamaya \u00e7al\u0131\u015fmak g\u00fcc\u00fcme gidiyor.\u201d<\/p>\n<p>\u201cKula Tapu kay\u0131tlar\u0131nda ben ya\u015fayan bir \u00f6l\u00fcy\u00fcm\u201d<br \/>\n<br \/>Durum \u00e7\u00f6z\u00fclmezse konuyu yarg\u0131ya ta\u015f\u0131mak zorunda kalacaklar\u0131n\u0131 kaydeden \u00d6zten \u015funlar\u0131 s\u00f6yledi: \u201cAvukat\u0131mla g\u00f6r\u00fc\u015f\u00fcp ne yapaca\u011f\u0131m\u0131za karar verece\u011fiz. Avukat\u0131m en son \u2018Bir dilek\u00e7e yazal\u0131m d\u00fczeltilirse d\u00fczeltilir, d\u00fczeltilmezse Asliye Hukuk Mahkemesine gitmek zorunda kal\u0131r\u0131z. Biz biraz para \u00f6deriz ama bunu yapanlara, sebep olanlara da gerekli cezay\u0131 ald\u0131r\u0131r\u0131m\u2019 dedi. Biz 5 karde\u015fiz. \u0130kisi pandemiden \u00f6nce haklar\u0131n\u0131 yerlerini ald\u0131, onlara teslim ettim. Geri kalan ikisinin haklar\u0131 duruyordu. Onlardan biri ge\u00e7en hafta \u00e7ar\u015famba Ankara\u2019dan geldi. Tapular\u0131 \u00fczerine almak istedi. Gitti\u011fimizde de bu durumla kar\u015f\u0131la\u015ft\u0131k. Veremedik. Demek ki \u00f6l\u00fcym\u00fc\u015f\u00fcm tapuda. Tapuda \u00f6nce sa\u011f oldu\u011fumu ispatlamam gerekiyor. Kula Tapu kay\u0131tlar\u0131nda ben ya\u015fayan bir \u00f6l\u00fcy\u00fcm. Bu sehven mi yap\u0131ld\u0131 kasten mi yap\u0131ld\u0131 onu da bilemiyorum. \u00d6nce sa\u011f oldu\u011fumuzu ispatlamam\u0131z gerekiyor o da g\u00fcc\u00fcme gidiyor. Ya\u015fayan birinin sa\u011f oldu\u011funu ispatlamas\u0131 kadar k\u00f6t\u00fc bir durum d\u00fc\u015f\u00fcnemiyorum. Ma\u011fdurum, \u00fczg\u00fcn\u00fcm. \u00c7\u00fcnk\u00fc ya\u015fayan\u0131n ya\u015fad\u0131\u011f\u0131n\u0131, \u00f6lm\u00fc\u015f olsam amenna ama be ya\u015f\u0131yorum diye ispatlamaya \u00e7al\u0131\u015fmas\u0131 bir ki\u015finin ak\u0131l ile kabul edilecek bir durum de\u011fil.\u201d<br \/><\/p>\n","protected":false},"excerpt":{"rendered":"<p>Aziz Nesin\u2019in \u2019Ya\u015far ne ya\u015far ne ya\u015famaz\u2019 roman\u0131 Manisa\u2019da ger\u00e7ek oldu. Manisa\u2019n\u0131n Yunusemre il\u00e7esinde ya\u015fayan 74 ya\u015f\u0131ndaki R\u0131fat \u00d6zten aileden kalma arazileri karde\u015flerine b\u00f6l\u00fc\u015ft\u00fcrmek i\u00e7in gitti\u011fi Kula Tapu Dairesinde \u00f6l\u00fc oldu\u011funu \u00f6\u011frendi. N\u00fcfus kay\u0131tlar\u0131nda ya\u015fayan, tapu kay\u0131tlar\u0131nda ise \u00f6l\u00fc olarak g\u00f6r\u00fcnen \u00d6zten, &#8220;Ben ya\u015fayan bir \u00f6l\u00fcy\u00fcm. \u00d6nce ya\u015fad\u0131\u011f\u0131m\u0131 ispatlamam laz\u0131m.&#8221; dedi. Aslen Kula do\u011fumlu olan&#8230;<\/p>\n","protected":false},"author":1,"featured_media":12797,"comment_status":"open","ping_status":"open","sticky":false,"template":"","format":"standard","meta":{"_crdt_document":"","footnotes":""},"categories":[123],"tags":[],"class_list":["post-12796","post","type-post","status-publish","format-standard","has-post-thumbnail","hentry","category-gundem"],"_links":{"self":[{"href":"https:\/\/www.egemtv.com\/index.php?rest_route=\/wp\/v2\/posts\/12796","targetHints":{"allow":["GET"]}}],"collection":[{"href":"https:\/\/www.egemtv.com\/index.php?rest_route=\/wp\/v2\/posts"}],"about":[{"href":"https:\/\/www.egemtv.com\/index.php?rest_route=\/wp\/v2\/types\/post"}],"author":[{"embeddable":true,"href":"https:\/\/www.egemtv.com\/index.php?rest_route=\/wp\/v2\/users\/1"}],"replies":[{"embeddable":true,"href":"https:\/\/www.egemtv.com\/index.php?rest_route=%2Fwp%2Fv2%2Fcomments&post=12796"}],"version-history":[{"count":1,"href":"https:\/\/www.egemtv.com\/index.php?rest_route=\/wp\/v2\/posts\/12796\/revisions"}],"predecessor-version":[{"id":12798,"href":"https:\/\/www.egemtv.com\/index.php?rest_route=\/wp\/v2\/posts\/12796\/revisions\/12798"}],"wp:featuredmedia":[{"embeddable":true,"href":"https:\/\/www.egemtv.com\/index.php?rest_route=\/wp\/v2\/media\/12797"}],"wp:attachment":[{"href":"https:\/\/www.egemtv.com\/index.php?rest_route=%2Fwp%2Fv2%2Fmedia&parent=12796"}],"wp:term":[{"taxonomy":"category","embeddable":true,"href":"https:\/\/www.egemtv.com\/index.php?rest_route=%2Fwp%2Fv2%2Fcategories&post=12796"},{"taxonomy":"post_tag","embeddable":true,"href":"https:\/\/www.egemtv.com\/index.php?rest_route=%2Fwp%2Fv2%2Ftags&post=12796"}],"curies":[{"name":"wp","href":"https:\/\/api.w.org\/{rel}","templated":true}]}}