{"id":12793,"date":"2025-01-27T12:31:32","date_gmt":"2025-01-27T09:31:32","guid":{"rendered":"https:\/\/www.egemtv.com\/?p=12793"},"modified":"2025-01-27T12:31:34","modified_gmt":"2025-01-27T09:31:34","slug":"dumlupinar-bilim-ve-sanat-merkezi-ogrencilerinden-buyuk-basari","status":"publish","type":"post","link":"https:\/\/www.egemtv.com\/?p=12793","title":{"rendered":"Dumlup\u0131nar Bilim ve Sanat Merkezi \u00f6\u011frencilerinden b\u00fcy\u00fck ba\u015far\u0131"},"content":{"rendered":"<p>Afyonkarahisar Dumlup\u0131nar Bilim ve Sanat Merkezi kurum b\u00fcnyesinde faaliyete ge\u00e7irilen projeler ile \u00f6\u011frenciler dereceden derece ko\u015farken pek \u00e7ok projede \u00f6nemli ba\u015far\u0131lar elde etti.<br \/>\n<br \/>2024 y\u0131l\u0131nda \u0130klim De\u011fi\u015fikli\u011fi Ara\u015ft\u0131rma Projeleri Yar\u0131\u015fmas\u0131nda birinci olan Afyonkarahisarl\u0131 lise \u00f6\u011frencisi Hulusi Diler, 3. Ulusal Arktik Bilimsel Ara\u015ft\u0131rma Seferi\u2019nde &#8220;Platanus Orientalis L. Adsorban\u0131 ile Ham Petrol D\u00f6k\u00fcnt\u00fclerinin Sulardan Geri Kazan\u0131m\u0131&#8221; projesini Kuzey Kutbu\u2019nda deneyimleme imkan\u0131 bulmu\u015ftu.<br \/>\n<br \/>Bu ba\u015far\u0131n\u0131n ard\u0131ndan 2 \u00f6\u011frenci daha kutuplara gidiyor. Dumlup\u0131nar Bilim ve Sanat Merkezi \u00f6\u011frencisi Rukiye Asl\u0131 Kilci\u2019nin dan\u0131\u015fmanl\u0131\u011f\u0131n\u0131 Tarih \u00d6\u011fretmeni Muhammet \u00d6zt\u00fcrk\u2019\u00fcn yapt\u0131\u011f\u0131 \u201cKutup \u00c7izimlerinden Kutup K\u00fclt\u00fcr\u00fcne Simgesel Bak\u0131\u015f ve Dijital Kutup \u00c7izgi Roman Uygulamas\u0131\u201d adl\u0131 projesi 2024 TEKNOFEST 2204-C Lise \u00d6\u011frencileri Kutup Ara\u015ft\u0131rma Projeleri Yar\u0131\u015fmas\u0131 ve 2204-D Lise \u00d6\u011frencileri \u0130klim De\u011fi\u015fikli\u011fi Ara\u015ft\u0131rma Projeleri Yar\u0131\u015fmas\u0131 birincileri aras\u0131nda se\u00e7ildi. Bu ba\u015far\u0131lar\u0131n ard\u0131ndan Rukiye Asl\u0131 Kilci, 2025 y\u0131l\u0131nda d\u00fczenlenecek 5. Ulusal Arktik Bilim Seferi\u2019 ne kat\u0131larak kutuplarda uygulanmaya hak kazand\u0131.<br \/><\/p>\n","protected":false},"excerpt":{"rendered":"<p>Afyonkarahisar Dumlup\u0131nar Bilim ve Sanat Merkezi kurum b\u00fcnyesinde faaliyete ge\u00e7irilen projeler ile \u00f6\u011frenciler dereceden derece ko\u015farken pek \u00e7ok projede \u00f6nemli ba\u015far\u0131lar elde etti. 2024 y\u0131l\u0131nda \u0130klim De\u011fi\u015fikli\u011fi Ara\u015ft\u0131rma Projeleri Yar\u0131\u015fmas\u0131nda birinci olan Afyonkarahisarl\u0131 lise \u00f6\u011frencisi Hulusi Diler, 3. Ulusal Arktik Bilimsel Ara\u015ft\u0131rma Seferi\u2019nde &#8220;Platanus Orientalis L. Adsorban\u0131 ile Ham Petrol D\u00f6k\u00fcnt\u00fclerinin Sulardan Geri Kazan\u0131m\u0131&#8221; projesini&#8230;<\/p>\n","protected":false},"author":1,"featured_media":12794,"comment_status":"open","ping_status":"open","sticky":false,"template":"","format":"standard","meta":{"_crdt_document":"","footnotes":""},"categories":[124],"tags":[],"class_list":["post-12793","post","type-post","status-publish","format-standard","has-post-thumbnail","hentry","category-bilim"],"_links":{"self":[{"href":"https:\/\/www.egemtv.com\/index.php?rest_route=\/wp\/v2\/posts\/12793","targetHints":{"allow":["GET"]}}],"collection":[{"href":"https:\/\/www.egemtv.com\/index.php?rest_route=\/wp\/v2\/posts"}],"about":[{"href":"https:\/\/www.egemtv.com\/index.php?rest_route=\/wp\/v2\/types\/post"}],"author":[{"embeddable":true,"href":"https:\/\/www.egemtv.com\/index.php?rest_route=\/wp\/v2\/users\/1"}],"replies":[{"embeddable":true,"href":"https:\/\/www.egemtv.com\/index.php?rest_route=%2Fwp%2Fv2%2Fcomments&post=12793"}],"version-history":[{"count":1,"href":"https:\/\/www.egemtv.com\/index.php?rest_route=\/wp\/v2\/posts\/12793\/revisions"}],"predecessor-version":[{"id":12795,"href":"https:\/\/www.egemtv.com\/index.php?rest_route=\/wp\/v2\/posts\/12793\/revisions\/12795"}],"wp:featuredmedia":[{"embeddable":true,"href":"https:\/\/www.egemtv.com\/index.php?rest_route=\/wp\/v2\/media\/12794"}],"wp:attachment":[{"href":"https:\/\/www.egemtv.com\/index.php?rest_route=%2Fwp%2Fv2%2Fmedia&parent=12793"}],"wp:term":[{"taxonomy":"category","embeddable":true,"href":"https:\/\/www.egemtv.com\/index.php?rest_route=%2Fwp%2Fv2%2Fcategories&post=12793"},{"taxonomy":"post_tag","embeddable":true,"href":"https:\/\/www.egemtv.com\/index.php?rest_route=%2Fwp%2Fv2%2Ftags&post=12793"}],"curies":[{"name":"wp","href":"https:\/\/api.w.org\/{rel}","templated":true}]}}