{"id":12790,"date":"2025-01-27T12:25:54","date_gmt":"2025-01-27T09:25:54","guid":{"rendered":"https:\/\/www.egemtv.com\/?p=12790"},"modified":"2025-01-27T12:25:56","modified_gmt":"2025-01-27T09:25:56","slug":"afyonkarahisarin-onemli-degerleri-turkiye-dokuma-atlasi-projesine-dahil-edildi","status":"publish","type":"post","link":"https:\/\/www.egemtv.com\/?p=12790","title":{"rendered":"Afyonkarahisar\u2019\u0131n \u00f6nemli de\u011ferleri T\u00fcrkiye Dokuma Atlas\u0131 Projesi\u2019ne dahil edildi"},"content":{"rendered":"<p>T\u00fcrkiye Dokuma Atlas\u0131 Projesi \u00e7er\u00e7evesinde dokuma envanterine kazand\u0131r\u0131lacak \u00fcr\u00fcnlerin belirlenmesi amac\u0131yla ger\u00e7ekle\u015ftirilen toplant\u0131dan Afyonkarahisar\u2019\u0131 sevindiren 2 \u00f6nemli karar \u00e7\u0131kt\u0131.<br \/>\n<br \/>Vali Do\u00e7. Dr. K\u00fcbra G\u00fcran Yi\u011fitba\u015f\u0131, ge\u00e7ti\u011fimiz y\u0131l mart ay\u0131nda Salar Beldesini ziyaret etmi\u015f, Hayat Boyu \u00d6\u011frenen Mahalle Projesi \u00e7er\u00e7evesinde giyim ve nak\u0131\u015f konusunda e\u011fitim alan kad\u0131nlarla kursta bir araya gelmi\u015fti. Vali Yi\u011fitba\u015f\u0131, ziyaret s\u0131ras\u0131nda yakla\u015f\u0131k 200 y\u0131ll\u0131k bir gelene\u011fin \u00fcr\u00fcn\u00fc olan ve hala kullan\u0131lan y\u00f6resel \u00fcr\u00fcn ba\u015fbezini de inceleyerek bilgi alm\u0131\u015ft\u0131.<br \/>\n<br \/>Sonras\u0131nda \u00e7al\u0131\u015fmalara ba\u015flayan Vali Yi\u011fitba\u015f\u0131, T\u00fcrkiye Dokuma Atlas\u0131 Projesi kapsam\u0131nda dokuma envanterine kazand\u0131r\u0131lacak \u00fcr\u00fcnler listesinde \u015euhut Bezi Salar Ba\u015fbezi ile Afyon \u00d6n\u00fccek\u2019in de yer almas\u0131 i\u00e7in yo\u011fun gayret sarf etti.<br \/>\n<br \/>Hayat Boyu \u00d6\u011frenme Genel M\u00fcd\u00fcrl\u00fc\u011f\u00fcnde yap\u0131lan toplant\u0131 sonras\u0131nda beklenen m\u00fcjdeli haber geldi. \u015euhut Bezi, Salar Ba\u015fbezi ile Afyon \u00d6n\u00fccek, T\u00fcrkiye Dokuma Envanteri listesine dahil oldu.<br \/><\/p>\n","protected":false},"excerpt":{"rendered":"<p>T\u00fcrkiye Dokuma Atlas\u0131 Projesi \u00e7er\u00e7evesinde dokuma envanterine kazand\u0131r\u0131lacak \u00fcr\u00fcnlerin belirlenmesi amac\u0131yla ger\u00e7ekle\u015ftirilen toplant\u0131dan Afyonkarahisar\u2019\u0131 sevindiren 2 \u00f6nemli karar \u00e7\u0131kt\u0131. Vali Do\u00e7. Dr. K\u00fcbra G\u00fcran Yi\u011fitba\u015f\u0131, ge\u00e7ti\u011fimiz y\u0131l mart ay\u0131nda Salar Beldesini ziyaret etmi\u015f, Hayat Boyu \u00d6\u011frenen Mahalle Projesi \u00e7er\u00e7evesinde giyim ve nak\u0131\u015f konusunda e\u011fitim alan kad\u0131nlarla kursta bir araya gelmi\u015fti. Vali Yi\u011fitba\u015f\u0131, ziyaret s\u0131ras\u0131nda yakla\u015f\u0131k&#8230;<\/p>\n","protected":false},"author":1,"featured_media":12791,"comment_status":"open","ping_status":"open","sticky":false,"template":"","format":"standard","meta":{"_crdt_document":"","footnotes":""},"categories":[1],"tags":[],"class_list":["post-12790","post","type-post","status-publish","format-standard","has-post-thumbnail","hentry","category-guncel"],"_links":{"self":[{"href":"https:\/\/www.egemtv.com\/index.php?rest_route=\/wp\/v2\/posts\/12790","targetHints":{"allow":["GET"]}}],"collection":[{"href":"https:\/\/www.egemtv.com\/index.php?rest_route=\/wp\/v2\/posts"}],"about":[{"href":"https:\/\/www.egemtv.com\/index.php?rest_route=\/wp\/v2\/types\/post"}],"author":[{"embeddable":true,"href":"https:\/\/www.egemtv.com\/index.php?rest_route=\/wp\/v2\/users\/1"}],"replies":[{"embeddable":true,"href":"https:\/\/www.egemtv.com\/index.php?rest_route=%2Fwp%2Fv2%2Fcomments&post=12790"}],"version-history":[{"count":1,"href":"https:\/\/www.egemtv.com\/index.php?rest_route=\/wp\/v2\/posts\/12790\/revisions"}],"predecessor-version":[{"id":12792,"href":"https:\/\/www.egemtv.com\/index.php?rest_route=\/wp\/v2\/posts\/12790\/revisions\/12792"}],"wp:featuredmedia":[{"embeddable":true,"href":"https:\/\/www.egemtv.com\/index.php?rest_route=\/wp\/v2\/media\/12791"}],"wp:attachment":[{"href":"https:\/\/www.egemtv.com\/index.php?rest_route=%2Fwp%2Fv2%2Fmedia&parent=12790"}],"wp:term":[{"taxonomy":"category","embeddable":true,"href":"https:\/\/www.egemtv.com\/index.php?rest_route=%2Fwp%2Fv2%2Fcategories&post=12790"},{"taxonomy":"post_tag","embeddable":true,"href":"https:\/\/www.egemtv.com\/index.php?rest_route=%2Fwp%2Fv2%2Ftags&post=12790"}],"curies":[{"name":"wp","href":"https:\/\/api.w.org\/{rel}","templated":true}]}}