{"id":12784,"date":"2025-01-27T12:16:33","date_gmt":"2025-01-27T09:16:33","guid":{"rendered":"https:\/\/www.egemtv.com\/?p=12784"},"modified":"2025-01-27T12:16:36","modified_gmt":"2025-01-27T09:16:36","slug":"karsiyaka-basketbolun-rakibi-galatasaray","status":"publish","type":"post","link":"https:\/\/www.egemtv.com\/?p=12784","title":{"rendered":"Kar\u015f\u0131yaka Basketbol\u2019un rakibi Galatasaray"},"content":{"rendered":"<p>Kar\u015f\u0131yaka Basketbol, T\u00fcrkiye Kupas\u0131 \u00e7eyrek finalinde Galatasaray ile e\u015fle\u015fti.<br \/>\n<br \/>Basketbol S\u00fcper Ligi ekiplerinden Kar\u015f\u0131yaka\u2019n\u0131n, T\u00fcrkiye Kupas\u0131\u2019ndaki rakibi belli oldu. \u0130zmir ekibi, \u00e7eyrek finalde Galatasaray ile e\u015fle\u015fti. Tek ma\u00e7 eleme usul\u00fcne g\u00f6re kar\u015f\u0131la\u015fma 11-12 \u015eubat tarihlerinde Mustafa Kemal Atat\u00fcrk Kar\u015f\u0131yaka Spor Salonu\u2019nda oynanacak. Organizasyonda D\u00f6rtl\u00fc Final m\u00fcsabakalar\u0131 ise 14-16 \u015eubat 2025\u2019te \u015eanl\u0131urfa\u2019daki 11 Nisan Spor Salonu\u2019nda ger\u00e7ekle\u015ftirilecek.<br \/>\n<br \/>Ye\u015fil-k\u0131rm\u0131z\u0131l\u0131lar, Basketbol S\u00fcper Ligi\u2019nde bu sezon \u0130zmir\u2019de konuk etti\u011fi rakibini 94-81 yenmeyi ba\u015farm\u0131\u015ft\u0131.<br \/><\/p>\n","protected":false},"excerpt":{"rendered":"<p>Kar\u015f\u0131yaka Basketbol, T\u00fcrkiye Kupas\u0131 \u00e7eyrek finalinde Galatasaray ile e\u015fle\u015fti. Basketbol S\u00fcper Ligi ekiplerinden Kar\u015f\u0131yaka\u2019n\u0131n, T\u00fcrkiye Kupas\u0131\u2019ndaki rakibi belli oldu. \u0130zmir ekibi, \u00e7eyrek finalde Galatasaray ile e\u015fle\u015fti. Tek ma\u00e7 eleme usul\u00fcne g\u00f6re kar\u015f\u0131la\u015fma 11-12 \u015eubat tarihlerinde Mustafa Kemal Atat\u00fcrk Kar\u015f\u0131yaka Spor Salonu\u2019nda oynanacak. Organizasyonda D\u00f6rtl\u00fc Final m\u00fcsabakalar\u0131 ise 14-16 \u015eubat 2025\u2019te \u015eanl\u0131urfa\u2019daki 11 Nisan Spor Salonu\u2019nda&#8230;<\/p>\n","protected":false},"author":1,"featured_media":12785,"comment_status":"open","ping_status":"open","sticky":false,"template":"","format":"standard","meta":{"_crdt_document":"","footnotes":""},"categories":[4],"tags":[],"class_list":["post-12784","post","type-post","status-publish","format-standard","has-post-thumbnail","hentry","category-spor"],"_links":{"self":[{"href":"https:\/\/www.egemtv.com\/index.php?rest_route=\/wp\/v2\/posts\/12784","targetHints":{"allow":["GET"]}}],"collection":[{"href":"https:\/\/www.egemtv.com\/index.php?rest_route=\/wp\/v2\/posts"}],"about":[{"href":"https:\/\/www.egemtv.com\/index.php?rest_route=\/wp\/v2\/types\/post"}],"author":[{"embeddable":true,"href":"https:\/\/www.egemtv.com\/index.php?rest_route=\/wp\/v2\/users\/1"}],"replies":[{"embeddable":true,"href":"https:\/\/www.egemtv.com\/index.php?rest_route=%2Fwp%2Fv2%2Fcomments&post=12784"}],"version-history":[{"count":1,"href":"https:\/\/www.egemtv.com\/index.php?rest_route=\/wp\/v2\/posts\/12784\/revisions"}],"predecessor-version":[{"id":12786,"href":"https:\/\/www.egemtv.com\/index.php?rest_route=\/wp\/v2\/posts\/12784\/revisions\/12786"}],"wp:featuredmedia":[{"embeddable":true,"href":"https:\/\/www.egemtv.com\/index.php?rest_route=\/wp\/v2\/media\/12785"}],"wp:attachment":[{"href":"https:\/\/www.egemtv.com\/index.php?rest_route=%2Fwp%2Fv2%2Fmedia&parent=12784"}],"wp:term":[{"taxonomy":"category","embeddable":true,"href":"https:\/\/www.egemtv.com\/index.php?rest_route=%2Fwp%2Fv2%2Fcategories&post=12784"},{"taxonomy":"post_tag","embeddable":true,"href":"https:\/\/www.egemtv.com\/index.php?rest_route=%2Fwp%2Fv2%2Ftags&post=12784"}],"curies":[{"name":"wp","href":"https:\/\/api.w.org\/{rel}","templated":true}]}}