{"id":12781,"date":"2025-01-27T12:07:13","date_gmt":"2025-01-27T09:07:13","guid":{"rendered":"https:\/\/www.egemtv.com\/?p=12781"},"modified":"2025-01-27T12:07:16","modified_gmt":"2025-01-27T09:07:16","slug":"kutahyali-asya-turkel-turkiye-kick-boks-sampiyonasinda-ikincilik-elde-etti","status":"publish","type":"post","link":"https:\/\/www.egemtv.com\/?p=12781","title":{"rendered":"K\u00fctahyal\u0131 Asya T\u00fcrkel T\u00fcrkiye Kick Boks \u015eampiyonas\u0131\u2019nda ikincilik elde etti"},"content":{"rendered":"<p>K\u00fctahya Gen\u00e7lik ve Spor \u0130l M\u00fcd\u00fcrl\u00fc\u011f\u00fc, Antalya\u2019da d\u00fczenlenen T\u00fcrkiye Kick Boks \u015eampiyonas\u0131\u2019nda elde edilen \u00f6nemli bir ba\u015far\u0131y\u0131 duyurdu. Ejderya Kul\u00fcb\u00fc sporcusu Asya T\u00fcrkel, 65 kilo gen\u00e7 bayanlar K1 stilinde T\u00fcrkiye ikincisi olarak b\u00fcy\u00fck bir ba\u015far\u0131ya imza att\u0131.<br \/>\n<br \/>Bu derecesiyle milli tak\u0131m kriterleri kapsam\u0131nda \u00f6nemli bir a\u015famay\u0131 ba\u015far\u0131yla tamamlayan T\u00fcrkel, gelecek m\u00fcsabakalar i\u00e7in umut vadeden bir performans sergiledi.<br \/>\n<br \/>K\u00fctahya Gen\u00e7lik ve Spor \u0130l M\u00fcd\u00fcrl\u00fc\u011f\u00fc, sporcuyu ve antren\u00f6r\u00fc Umut Yasan\u2019\u0131 tebrik ederek ba\u015far\u0131lar\u0131n\u0131n devam\u0131n\u0131 diledi.<br \/><\/p>\n","protected":false},"excerpt":{"rendered":"<p>K\u00fctahya Gen\u00e7lik ve Spor \u0130l M\u00fcd\u00fcrl\u00fc\u011f\u00fc, Antalya\u2019da d\u00fczenlenen T\u00fcrkiye Kick Boks \u015eampiyonas\u0131\u2019nda elde edilen \u00f6nemli bir ba\u015far\u0131y\u0131 duyurdu. Ejderya Kul\u00fcb\u00fc sporcusu Asya T\u00fcrkel, 65 kilo gen\u00e7 bayanlar K1 stilinde T\u00fcrkiye ikincisi olarak b\u00fcy\u00fck bir ba\u015far\u0131ya imza att\u0131. Bu derecesiyle milli tak\u0131m kriterleri kapsam\u0131nda \u00f6nemli bir a\u015famay\u0131 ba\u015far\u0131yla tamamlayan T\u00fcrkel, gelecek m\u00fcsabakalar i\u00e7in umut vadeden bir&#8230;<\/p>\n","protected":false},"author":1,"featured_media":12782,"comment_status":"open","ping_status":"open","sticky":false,"template":"","format":"standard","meta":{"_crdt_document":"","footnotes":""},"categories":[4],"tags":[],"class_list":["post-12781","post","type-post","status-publish","format-standard","has-post-thumbnail","hentry","category-spor"],"_links":{"self":[{"href":"https:\/\/www.egemtv.com\/index.php?rest_route=\/wp\/v2\/posts\/12781","targetHints":{"allow":["GET"]}}],"collection":[{"href":"https:\/\/www.egemtv.com\/index.php?rest_route=\/wp\/v2\/posts"}],"about":[{"href":"https:\/\/www.egemtv.com\/index.php?rest_route=\/wp\/v2\/types\/post"}],"author":[{"embeddable":true,"href":"https:\/\/www.egemtv.com\/index.php?rest_route=\/wp\/v2\/users\/1"}],"replies":[{"embeddable":true,"href":"https:\/\/www.egemtv.com\/index.php?rest_route=%2Fwp%2Fv2%2Fcomments&post=12781"}],"version-history":[{"count":1,"href":"https:\/\/www.egemtv.com\/index.php?rest_route=\/wp\/v2\/posts\/12781\/revisions"}],"predecessor-version":[{"id":12783,"href":"https:\/\/www.egemtv.com\/index.php?rest_route=\/wp\/v2\/posts\/12781\/revisions\/12783"}],"wp:featuredmedia":[{"embeddable":true,"href":"https:\/\/www.egemtv.com\/index.php?rest_route=\/wp\/v2\/media\/12782"}],"wp:attachment":[{"href":"https:\/\/www.egemtv.com\/index.php?rest_route=%2Fwp%2Fv2%2Fmedia&parent=12781"}],"wp:term":[{"taxonomy":"category","embeddable":true,"href":"https:\/\/www.egemtv.com\/index.php?rest_route=%2Fwp%2Fv2%2Fcategories&post=12781"},{"taxonomy":"post_tag","embeddable":true,"href":"https:\/\/www.egemtv.com\/index.php?rest_route=%2Fwp%2Fv2%2Ftags&post=12781"}],"curies":[{"name":"wp","href":"https:\/\/api.w.org\/{rel}","templated":true}]}}