{"id":12775,"date":"2025-01-27T11:52:30","date_gmt":"2025-01-27T08:52:30","guid":{"rendered":"https:\/\/www.egemtv.com\/?p=12775"},"modified":"2025-01-27T11:52:33","modified_gmt":"2025-01-27T08:52:33","slug":"ispartada-7-surucuye-idari-para-cezasi","status":"publish","type":"post","link":"https:\/\/www.egemtv.com\/?p=12775","title":{"rendered":"Isparta\u2019da 7 s\u00fcr\u00fcc\u00fcye idari para cezas\u0131"},"content":{"rendered":"<p>Isparta\u2019da yap\u0131lan trafik denetimlerinde 7 s\u00fcr\u00fcc\u00fcye idari para cezas\u0131 uyguland\u0131.<br \/>\n<br \/>\u0130l Emniyet M\u00fcd\u00fcrl\u00fc\u011f\u00fc Trafik ve Asayi\u015f \u015eube Amirli\u011fi ekipleri, trafik g\u00fcvenli\u011fini sa\u011flamak amac\u0131yla d\u00fcn ak\u015fam 21.00-22.00 saatleri aras\u0131nda denetim ger\u00e7ekle\u015ftirdi. G\u00fclc\u00fc Mahallesi\u2019nde yap\u0131lan uygulamada toplam 79 \u015fah\u0131s ile 46 ara\u00e7 ve s\u00fcr\u00fcc\u00fc kontrol edildi. Denetimlerde trafik ihlali yapt\u0131\u011f\u0131 tespit edilen 7 s\u00fcr\u00fcc\u00fcye idari para cezas\u0131 kesildi.<br \/><\/p>\n","protected":false},"excerpt":{"rendered":"<p>Isparta\u2019da yap\u0131lan trafik denetimlerinde 7 s\u00fcr\u00fcc\u00fcye idari para cezas\u0131 uyguland\u0131. \u0130l Emniyet M\u00fcd\u00fcrl\u00fc\u011f\u00fc Trafik ve Asayi\u015f \u015eube Amirli\u011fi ekipleri, trafik g\u00fcvenli\u011fini sa\u011flamak amac\u0131yla d\u00fcn ak\u015fam 21.00-22.00 saatleri aras\u0131nda denetim ger\u00e7ekle\u015ftirdi. G\u00fclc\u00fc Mahallesi\u2019nde yap\u0131lan uygulamada toplam 79 \u015fah\u0131s ile 46 ara\u00e7 ve s\u00fcr\u00fcc\u00fc kontrol edildi. Denetimlerde trafik ihlali yapt\u0131\u011f\u0131 tespit edilen 7 s\u00fcr\u00fcc\u00fcye idari para cezas\u0131&#8230;<\/p>\n","protected":false},"author":1,"featured_media":12776,"comment_status":"open","ping_status":"open","sticky":false,"template":"","format":"standard","meta":{"_crdt_document":"","footnotes":""},"categories":[5],"tags":[],"class_list":["post-12775","post","type-post","status-publish","format-standard","has-post-thumbnail","hentry","category-asayis"],"_links":{"self":[{"href":"https:\/\/www.egemtv.com\/index.php?rest_route=\/wp\/v2\/posts\/12775","targetHints":{"allow":["GET"]}}],"collection":[{"href":"https:\/\/www.egemtv.com\/index.php?rest_route=\/wp\/v2\/posts"}],"about":[{"href":"https:\/\/www.egemtv.com\/index.php?rest_route=\/wp\/v2\/types\/post"}],"author":[{"embeddable":true,"href":"https:\/\/www.egemtv.com\/index.php?rest_route=\/wp\/v2\/users\/1"}],"replies":[{"embeddable":true,"href":"https:\/\/www.egemtv.com\/index.php?rest_route=%2Fwp%2Fv2%2Fcomments&post=12775"}],"version-history":[{"count":1,"href":"https:\/\/www.egemtv.com\/index.php?rest_route=\/wp\/v2\/posts\/12775\/revisions"}],"predecessor-version":[{"id":12777,"href":"https:\/\/www.egemtv.com\/index.php?rest_route=\/wp\/v2\/posts\/12775\/revisions\/12777"}],"wp:featuredmedia":[{"embeddable":true,"href":"https:\/\/www.egemtv.com\/index.php?rest_route=\/wp\/v2\/media\/12776"}],"wp:attachment":[{"href":"https:\/\/www.egemtv.com\/index.php?rest_route=%2Fwp%2Fv2%2Fmedia&parent=12775"}],"wp:term":[{"taxonomy":"category","embeddable":true,"href":"https:\/\/www.egemtv.com\/index.php?rest_route=%2Fwp%2Fv2%2Fcategories&post=12775"},{"taxonomy":"post_tag","embeddable":true,"href":"https:\/\/www.egemtv.com\/index.php?rest_route=%2Fwp%2Fv2%2Ftags&post=12775"}],"curies":[{"name":"wp","href":"https:\/\/api.w.org\/{rel}","templated":true}]}}