{"id":12769,"date":"2025-01-27T11:49:27","date_gmt":"2025-01-27T08:49:27","guid":{"rendered":"https:\/\/www.egemtv.com\/?p=12769"},"modified":"2025-01-27T11:49:28","modified_gmt":"2025-01-27T08:49:28","slug":"tarim-ve-orman-il-muduru-saylak-veda-etti","status":"publish","type":"post","link":"https:\/\/www.egemtv.com\/?p=12769","title":{"rendered":"Tar\u0131m ve Orman \u0130l M\u00fcd\u00fcr\u00fc Saylak, veda etti"},"content":{"rendered":"<p>G\u00f6rev s\u00fcresi dolan Mu\u011fla Tar\u0131m ve Orman \u0130l M\u00fcd\u00fcr\u00fc Bar\u0131\u015f Saylak, Mu\u011fla bas\u0131n\u0131 ile bir araya geldi\u011fi kahvalt\u0131da veda konu\u015fmas\u0131 yapt\u0131, kimseye k\u0131rg\u0131n olmad\u0131\u011f\u0131n\u0131 belirtti.<\/p>\n<p>\u0130l M\u00fcd\u00fcr\u00fc Saylak, &#8220;Bakan\u0131m\u0131z b\u00f6yle takdir etmi\u015fler. Boynumuz k\u0131ldan incedir. Yeni gelen m\u00fcd\u00fcr arkada\u015f\u0131m\u0131za yar\u0131n g\u00f6revi devredece\u011fiz. 2019\u2019da atand\u0131\u011f\u0131m g\u00fcnden bu yana pandemiyi birlikte ya\u015fad\u0131k. 2021 yang\u0131nlar\u0131n\u0131, 6 \u015eubat depremini hep birlikte ya\u015fad\u0131k. Rusya Ukrayna sava\u015f\u0131 nedeniyle ya\u015fanan sorunlar\u0131 birlikte ya\u015fad\u0131k. B\u00f6lgesel sava\u015flar\u0131n yans\u0131tt\u0131\u011f\u0131 sorunlar\u0131 birlikte ya\u015fad\u0131k. Fakat \u00fcreticimiz hi\u00e7bir zaman \u00e7izmelerini \u00e7\u0131karmad\u0131, topraklar\u0131n\u0131 terk etmediler. Bu topraklarda do\u011fmu\u015f olmam, bir \u00e7ift\u00e7i aileden gelmi\u015f olmam benim motivasyon ve sorumlulu\u011fumu art\u0131rd\u0131.  Zor ge\u00e7en 5 y\u0131lda bu g\u00f6revi ekip arkada\u015flar\u0131m\u0131zla onurlu bir \u015fekilde yapt\u0131k. Yard\u0131m\u0131m\u0131 istedikleri her d\u00f6nemde Mu\u011fla tar\u0131m\u0131 i\u00e7in hizmet etmeye haz\u0131r oldu\u011fumu s\u00f6ylemek istiyorum. Ba\u015fka Mu\u011fla yok&#8221; dedi.<br \/>\n<br \/>&#8220;Gelece\u011fimize dokunan \u00e7al\u0131\u015fmalar yapt\u0131k\u201d<br \/>\n<br \/>Saylak konu\u015fmas\u0131n\u0131n devam\u0131nda \u015fu ifadeleri kulland\u0131: &#8220;Mu\u011fla \u0130l Tar\u0131m ve Orman M\u00fcd\u00fcr\u00fc olarak g\u00f6rev yapt\u0131\u011f\u0131m be\u015f y\u0131l boyunca, bu g\u00fczel memleketin bereketli topraklar\u0131na hizmet etmek benim i\u00e7in b\u00fcy\u00fck bir onur ve mutluluk kayna\u011f\u0131 olmu\u015ftur. G\u00f6rev s\u00fcremiz boyunca hayata ge\u00e7irdi\u011fimiz projelerle, yaln\u0131zca rakamlarla ifade edilemeyecek, insan\u0131m\u0131za, topra\u011f\u0131m\u0131za ve gelece\u011fimize dokunan \u00e7al\u0131\u015fmalara imza att\u0131k. Bu s\u00fcre\u00e7te Mu\u011fla\u2019y\u0131 tar\u0131m ve hayvanc\u0131l\u0131kta \u00fclkemizin lider illerinden biri haline getirmek i\u00e7in azimle \u00e7al\u0131\u015ft\u0131k. Tar\u0131m\u0131n her alan\u0131nda, \u201cNas\u0131l daha iyisini yapar\u0131z? \u00dcreticimize nas\u0131l daha fazla kazand\u0131rabiliriz?\u201d sorular\u0131n\u0131 hep \u00f6n planda tuttuk. Ve bug\u00fcn, bu sorulara birlikte \u00e7al\u0131\u015farak verdi\u011fimiz cevaplar\u0131n meyvelerini g\u00f6rmek bizler i\u00e7in en b\u00fcy\u00fck mutluluk olmu\u015ftur\u201d<br \/>\n<br \/>\u201c\u00d6nceli\u011fimiz Mu\u011fla\u2019n\u0131n tar\u0131msal potansiyelini art\u0131rmak oldu\u201d<br \/>\n<br \/>\u201cG\u00f6rev s\u00fcrem boyunca en \u00f6nemli \u00f6nceli\u011fimiz, Mu\u011fla\u2019n\u0131n tar\u0131msal potansiyelini daha da ileri ta\u015f\u0131yacak projelere odaklanmak oldu\u201d diyen Saylak, \u201c19 milyon TL\u2019lik yat\u0131r\u0131m ile in\u015fa etti\u011fimiz, 130 hizmet odal\u0131 ve 170 ki\u015filik konferans salonu bulunan modern hizmet binam\u0131zla Mu\u011fla tar\u0131m\u0131n\u0131 gelece\u011fe haz\u0131rlad\u0131k. \u00c7evre dostu projelerimiz kapsam\u0131nda 6,87 milyon TL\u2019lik g\u00fcne\u015f enerjisi sistemi kurarak s\u00fcrd\u00fcr\u00fclebilir enerji \u00fcretimini ba\u015flatt\u0131k. Mu\u011fla \u00c7ile\u011fi Projesi ile 1.743 dekar \u00e7ilek \u00fcretim alan\u0131 olu\u015fturduk ve 426\u2019s\u0131 kad\u0131n olmak \u00fczere 1.444 ki\u015fiye istihdam sa\u011flad\u0131k. Zeytinin Zeytinya\u011f\u0131na Kaliteli ve Kay\u0131ps\u0131z Yolculu\u011fu Projesi ile Mu\u011fla zeytinya\u011f\u0131n\u0131 uluslararas\u0131 alanda bir marka haline getirdik. Hastal\u0131ktan Ari \u0130\u015fletme Projesi ile T\u00fcrkiye birincili\u011fi elde ederek ari i\u015fletme say\u0131m\u0131z\u0131 141\u2019e \u00e7\u0131kard\u0131k. Bu d\u00f6nemde Mu\u011fla, bitkisel ve hayvansal \u00fcretimde \u00f6nemli ba\u015far\u0131lar elde etmi\u015ftir. B\u00f6r\u00fclcede T\u00fcrkiye 1.\u2019si, ya\u011fl\u0131k zeytinde 2.\u2019si, sofral\u0131k domateste 3.\u2019s\u00fc olduk. \u00d6rt\u00fc alt\u0131 tar\u0131mda 503 bin ton \u00fcretim ger\u00e7ekle\u015ftirdik. T\u00fcrkiye\u2019nin \u00e7am bal\u0131 ve deniz k\u00fclt\u00fcr bal\u0131k\u00e7\u0131l\u0131\u011f\u0131 \u00fcretiminde liderli\u011fini s\u00fcrd\u00fcrerek, 2023 y\u0131l\u0131nda 805 milyon dolarl\u0131k su \u00fcr\u00fcnleri ihracat\u0131 ger\u00e7ekle\u015ftirdik\u201d diye konu\u015ftu.<br \/>\n<br \/>&#8220;Hakk\u0131n\u0131z\u0131 helal edin\u201d<br \/>\n<br \/>M\u00fcd\u00fcr Saylak, konu\u015fmas\u0131n\u0131n son b\u00f6l\u00fcm\u00fcnde ise \u201cBug\u00fcn, Mu\u011fla \u0130l Tar\u0131m ve Orman M\u00fcd\u00fcrl\u00fc\u011f\u00fc g\u00f6revimden ayr\u0131l\u0131rken, makamlar\u0131n gelip ge\u00e7ici oldu\u011funu ama bu topraklara hizmet etmenin bir sevda oldu\u011funu ifade etmek istiyorum. Benim memleketim Mu\u011fla, benim k\u00f6klerim Milas\u2019\u0131n bereketli topraklar\u0131nda filizlenmi\u015ftir. Bir \u00e7ift\u00e7i \u00e7ocu\u011fu olarak, al\u0131n terinin de\u011ferini bilen biri olarak, her zaman bu topraklar\u0131n ve insan\u0131m\u0131z\u0131n yan\u0131nda olmaya devam edece\u011fim. Cumhurba\u015fkan\u0131m\u0131z Recep Tayyip Erdo\u011fan\u2019\u0131n dedi\u011fi gibi, \u201cBiz milletimize efendi de\u011fil, hizmetk\u00e2r olmaya geldik\u201d Bug\u00fcn bu d\u00fcsturla g\u00f6revimi tamamlam\u0131\u015f olman\u0131n huzurunu ya\u015f\u0131yorum. Ancak bu bir veda de\u011fil, yeni bir ba\u015flang\u0131\u00e7t\u0131r. Makamda olmasam da, Mu\u011fla\u2019ya olan sevdamla, bu g\u00fczel \u015fehrin kalk\u0131nmas\u0131 i\u00e7in \u00e7al\u0131\u015fmay\u0131 s\u00fcrd\u00fcrece\u011fim. T\u00fcm bu ba\u015far\u0131lar\u0131n, ekiplerimizin \u00f6zverisi, \u00fcreticilerimizin al\u0131n teri ve devletimizin deste\u011fiyle ger\u00e7ekle\u015fti\u011fini vurgulamak isterim. Cumhurba\u015fkan\u0131m\u0131z Recep Tayyip Erdo\u011fan\u2019a, birlikte g\u00f6rev yapma \u015fans\u0131na eri\u015fti\u011fim Tar\u0131m ve Orman Bakanlar\u0131m\u0131za, bakan yard\u0131mc\u0131lar\u0131na, ilimiz milletvekillerine, b\u00fcrokratlar\u0131m\u0131za ve t\u00fcm \u00e7al\u0131\u015fma arkada\u015flar\u0131ma g\u00f6n\u00fclden te\u015fekk\u00fcr ediyorum. Hakk\u0131n\u0131z\u0131 helal edin. Hizmette durmak yok, yola devam&#8221; a\u00e7\u0131klamas\u0131nda bulundu.<br \/><\/p>\n","protected":false},"excerpt":{"rendered":"<p>G\u00f6rev s\u00fcresi dolan Mu\u011fla Tar\u0131m ve Orman \u0130l M\u00fcd\u00fcr\u00fc Bar\u0131\u015f Saylak, Mu\u011fla bas\u0131n\u0131 ile bir araya geldi\u011fi kahvalt\u0131da veda konu\u015fmas\u0131 yapt\u0131, kimseye k\u0131rg\u0131n olmad\u0131\u011f\u0131n\u0131 belirtti. \u0130l M\u00fcd\u00fcr\u00fc Saylak, &#8220;Bakan\u0131m\u0131z b\u00f6yle takdir etmi\u015fler. Boynumuz k\u0131ldan incedir. Yeni gelen m\u00fcd\u00fcr arkada\u015f\u0131m\u0131za yar\u0131n g\u00f6revi devredece\u011fiz. 2019\u2019da atand\u0131\u011f\u0131m g\u00fcnden bu yana pandemiyi birlikte ya\u015fad\u0131k. 2021 yang\u0131nlar\u0131n\u0131, 6 \u015eubat depremini&#8230;<\/p>\n","protected":false},"author":1,"featured_media":12770,"comment_status":"open","ping_status":"open","sticky":false,"template":"","format":"standard","meta":{"_crdt_document":"","footnotes":""},"categories":[1],"tags":[],"class_list":["post-12769","post","type-post","status-publish","format-standard","has-post-thumbnail","hentry","category-guncel"],"_links":{"self":[{"href":"https:\/\/www.egemtv.com\/index.php?rest_route=\/wp\/v2\/posts\/12769","targetHints":{"allow":["GET"]}}],"collection":[{"href":"https:\/\/www.egemtv.com\/index.php?rest_route=\/wp\/v2\/posts"}],"about":[{"href":"https:\/\/www.egemtv.com\/index.php?rest_route=\/wp\/v2\/types\/post"}],"author":[{"embeddable":true,"href":"https:\/\/www.egemtv.com\/index.php?rest_route=\/wp\/v2\/users\/1"}],"replies":[{"embeddable":true,"href":"https:\/\/www.egemtv.com\/index.php?rest_route=%2Fwp%2Fv2%2Fcomments&post=12769"}],"version-history":[{"count":1,"href":"https:\/\/www.egemtv.com\/index.php?rest_route=\/wp\/v2\/posts\/12769\/revisions"}],"predecessor-version":[{"id":12771,"href":"https:\/\/www.egemtv.com\/index.php?rest_route=\/wp\/v2\/posts\/12769\/revisions\/12771"}],"wp:featuredmedia":[{"embeddable":true,"href":"https:\/\/www.egemtv.com\/index.php?rest_route=\/wp\/v2\/media\/12770"}],"wp:attachment":[{"href":"https:\/\/www.egemtv.com\/index.php?rest_route=%2Fwp%2Fv2%2Fmedia&parent=12769"}],"wp:term":[{"taxonomy":"category","embeddable":true,"href":"https:\/\/www.egemtv.com\/index.php?rest_route=%2Fwp%2Fv2%2Fcategories&post=12769"},{"taxonomy":"post_tag","embeddable":true,"href":"https:\/\/www.egemtv.com\/index.php?rest_route=%2Fwp%2Fv2%2Ftags&post=12769"}],"curies":[{"name":"wp","href":"https:\/\/api.w.org\/{rel}","templated":true}]}}