{"id":12763,"date":"2025-01-27T11:49:21","date_gmt":"2025-01-27T08:49:21","guid":{"rendered":"https:\/\/www.egemtv.com\/?p=12763"},"modified":"2025-01-27T11:49:23","modified_gmt":"2025-01-27T08:49:23","slug":"kutahyada-cini-ustasi-mehmet-gursoya-saygi-etkinligi","status":"publish","type":"post","link":"https:\/\/www.egemtv.com\/?p=12763","title":{"rendered":"K\u00fctahya\u2019da \u00e7ini ustas\u0131 Mehmet G\u00fcrsoy\u2019a sayg\u0131 etkinli\u011fi"},"content":{"rendered":"<p>K\u00fctahya Belediyesi taraf\u0131ndan d\u00fczenlenen \u201cYa\u015fayan \u0130nsan Hazinesi: Mehmet G\u00fcrsoy\u2019a Sayg\u0131 Etkinli\u011fi\u201d, Belediye Ba\u015fkan\u0131 Ey\u00fcp Kahveci\u2019nin kat\u0131l\u0131m\u0131yla ger\u00e7ekle\u015ftirildi.<br \/>\n<br \/>Sanatseverlerin yo\u011fun ilgi g\u00f6sterdi\u011fi etkinlikte, UNESCO taraf\u0131ndan &#8220;Ya\u015fayan \u0130nsan Hazinesi&#8221; unvan\u0131 verilen Mehmet G\u00fcrsoy\u2019un k\u00fclt\u00fcr ve sanata katk\u0131lar\u0131 vurguland\u0131. G\u00fcrsoy\u2019un sanat yolculu\u011funu anlatan duygu dolu bir belgesel g\u00f6sterimi yap\u0131l\u0131rken, kat\u0131l\u0131mc\u0131lar usta sanat\u00e7\u0131ya olan sayg\u0131lar\u0131n\u0131 sundu.<br \/>\n<br \/>Etkinlikte konu\u015fan Belediye Ba\u015fkan\u0131 Ey\u00fcp Kahveci, G\u00fcrsoy\u2019un T\u00fcrk \u00e7ini sanat\u0131na katt\u0131\u011f\u0131 de\u011feri vurgulayarak, \u201cHer f\u0131r\u00e7a darbesiyle tarihimiz ya\u015fat\u0131l\u0131yor\u201d dedi.<br \/>\n<br \/>Usta Mehmet G\u00fcrsoy\u2019un da kat\u0131l\u0131m\u0131yla etkinlik daha anlaml\u0131 hale gelirken, sanatseverler unutulmaz bir g\u00fcn ya\u015fad\u0131.<br \/><\/p>\n","protected":false},"excerpt":{"rendered":"<p>K\u00fctahya Belediyesi taraf\u0131ndan d\u00fczenlenen \u201cYa\u015fayan \u0130nsan Hazinesi: Mehmet G\u00fcrsoy\u2019a Sayg\u0131 Etkinli\u011fi\u201d, Belediye Ba\u015fkan\u0131 Ey\u00fcp Kahveci\u2019nin kat\u0131l\u0131m\u0131yla ger\u00e7ekle\u015ftirildi. Sanatseverlerin yo\u011fun ilgi g\u00f6sterdi\u011fi etkinlikte, UNESCO taraf\u0131ndan &#8220;Ya\u015fayan \u0130nsan Hazinesi&#8221; unvan\u0131 verilen Mehmet G\u00fcrsoy\u2019un k\u00fclt\u00fcr ve sanata katk\u0131lar\u0131 vurguland\u0131. G\u00fcrsoy\u2019un sanat yolculu\u011funu anlatan duygu dolu bir belgesel g\u00f6sterimi yap\u0131l\u0131rken, kat\u0131l\u0131mc\u0131lar usta sanat\u00e7\u0131ya olan sayg\u0131lar\u0131n\u0131 sundu. Etkinlikte konu\u015fan Belediye&#8230;<\/p>\n","protected":false},"author":1,"featured_media":12764,"comment_status":"open","ping_status":"open","sticky":false,"template":"","format":"standard","meta":{"_crdt_document":"","footnotes":""},"categories":[1],"tags":[],"class_list":["post-12763","post","type-post","status-publish","format-standard","has-post-thumbnail","hentry","category-guncel"],"_links":{"self":[{"href":"https:\/\/www.egemtv.com\/index.php?rest_route=\/wp\/v2\/posts\/12763","targetHints":{"allow":["GET"]}}],"collection":[{"href":"https:\/\/www.egemtv.com\/index.php?rest_route=\/wp\/v2\/posts"}],"about":[{"href":"https:\/\/www.egemtv.com\/index.php?rest_route=\/wp\/v2\/types\/post"}],"author":[{"embeddable":true,"href":"https:\/\/www.egemtv.com\/index.php?rest_route=\/wp\/v2\/users\/1"}],"replies":[{"embeddable":true,"href":"https:\/\/www.egemtv.com\/index.php?rest_route=%2Fwp%2Fv2%2Fcomments&post=12763"}],"version-history":[{"count":1,"href":"https:\/\/www.egemtv.com\/index.php?rest_route=\/wp\/v2\/posts\/12763\/revisions"}],"predecessor-version":[{"id":12765,"href":"https:\/\/www.egemtv.com\/index.php?rest_route=\/wp\/v2\/posts\/12763\/revisions\/12765"}],"wp:featuredmedia":[{"embeddable":true,"href":"https:\/\/www.egemtv.com\/index.php?rest_route=\/wp\/v2\/media\/12764"}],"wp:attachment":[{"href":"https:\/\/www.egemtv.com\/index.php?rest_route=%2Fwp%2Fv2%2Fmedia&parent=12763"}],"wp:term":[{"taxonomy":"category","embeddable":true,"href":"https:\/\/www.egemtv.com\/index.php?rest_route=%2Fwp%2Fv2%2Fcategories&post=12763"},{"taxonomy":"post_tag","embeddable":true,"href":"https:\/\/www.egemtv.com\/index.php?rest_route=%2Fwp%2Fv2%2Ftags&post=12763"}],"curies":[{"name":"wp","href":"https:\/\/api.w.org\/{rel}","templated":true}]}}