{"id":12757,"date":"2025-01-27T11:37:17","date_gmt":"2025-01-27T08:37:17","guid":{"rendered":"https:\/\/www.egemtv.com\/?p=12757"},"modified":"2025-01-27T11:37:19","modified_gmt":"2025-01-27T08:37:19","slug":"tavsanlida-balik-pazarinda-denizden-sofralara-yolculuk","status":"publish","type":"post","link":"https:\/\/www.egemtv.com\/?p=12757","title":{"rendered":"Tav\u015fanl\u0131\u2019da Bal\u0131k Pazar\u0131\u2019nda denizden sofralara yolculuk"},"content":{"rendered":"<p>K\u00fctahya\u2019n\u0131n Tav\u015fanl\u0131 il\u00e7esinde bal\u0131k pazar\u0131nda hareketlilik ba\u015flad\u0131.<br \/>\n<br \/>Tav\u015fanl\u0131\u2019ya farkl\u0131 denizlerden \u00e7e\u015fit \u00e7e\u015fit bal\u0131k g\u00fcnl\u00fck olarak getirilerek sat\u0131\u015fa sunuluyor. Bal\u0131k pazar\u0131 sat\u0131c\u0131lar\u0131ndan Bekir \u00dcst\u00fcnel, sezonun a\u00e7\u0131lmas\u0131n\u0131n ard\u0131ndan g\u00fcnl\u00fck olarak bol bal\u0131k \u00e7e\u015fidiyle hizmet verdiklerini belirtti. \u00dcst\u00fcnel, \u201cHavalar\u0131n serin olmas\u0131, y\u00fckseklere kar\u0131n ya\u011fmas\u0131, bal\u0131k pazar\u0131n\u0131 biraz hareketlendirdi. Fiyatlar\u0131m\u0131z da \u00e7ok makul. Bug\u00fcn, Karadeniz hamsimiz, istavritimiz,  sardalyemiz, uskumrumuz,  alabal\u0131k,  palamut, \u00e7upra, levrek, somon, zargana, mezgit gibi baya\u011f\u0131 bir bal\u0131k \u00e7e\u015fidimiz var. Halk\u0131m\u0131z\u0131 bal\u0131k al\u0131p yemeye bekliyoruz. Bal\u0131k sa\u011fl\u0131kt\u0131r. Haftada en az 1 g\u00fcn olsun bal\u0131k yesinler.\u201d dedi.<br \/>\n<br \/>Bal\u0131k sat\u0131c\u0131lar\u0131ndan \u0130dris \u015een de, \u201cKaradeniz, Marmara ve Ege Denizi\u2019nden gelen bal\u0131k \u00e7e\u015fitlerimizi almaya ve herkesi omega-3 deposu bal\u0131k yemeye davet ediyoruz\u201d dedi.<br \/><\/p>\n","protected":false},"excerpt":{"rendered":"<p>K\u00fctahya\u2019n\u0131n Tav\u015fanl\u0131 il\u00e7esinde bal\u0131k pazar\u0131nda hareketlilik ba\u015flad\u0131. Tav\u015fanl\u0131\u2019ya farkl\u0131 denizlerden \u00e7e\u015fit \u00e7e\u015fit bal\u0131k g\u00fcnl\u00fck olarak getirilerek sat\u0131\u015fa sunuluyor. Bal\u0131k pazar\u0131 sat\u0131c\u0131lar\u0131ndan Bekir \u00dcst\u00fcnel, sezonun a\u00e7\u0131lmas\u0131n\u0131n ard\u0131ndan g\u00fcnl\u00fck olarak bol bal\u0131k \u00e7e\u015fidiyle hizmet verdiklerini belirtti. \u00dcst\u00fcnel, \u201cHavalar\u0131n serin olmas\u0131, y\u00fckseklere kar\u0131n ya\u011fmas\u0131, bal\u0131k pazar\u0131n\u0131 biraz hareketlendirdi. Fiyatlar\u0131m\u0131z da \u00e7ok makul. Bug\u00fcn, Karadeniz hamsimiz, istavritimiz, sardalyemiz, uskumrumuz,&#8230;<\/p>\n","protected":false},"author":1,"featured_media":12758,"comment_status":"open","ping_status":"open","sticky":false,"template":"","format":"standard","meta":{"_crdt_document":"","footnotes":""},"categories":[1],"tags":[],"class_list":["post-12757","post","type-post","status-publish","format-standard","has-post-thumbnail","hentry","category-guncel"],"_links":{"self":[{"href":"https:\/\/www.egemtv.com\/index.php?rest_route=\/wp\/v2\/posts\/12757","targetHints":{"allow":["GET"]}}],"collection":[{"href":"https:\/\/www.egemtv.com\/index.php?rest_route=\/wp\/v2\/posts"}],"about":[{"href":"https:\/\/www.egemtv.com\/index.php?rest_route=\/wp\/v2\/types\/post"}],"author":[{"embeddable":true,"href":"https:\/\/www.egemtv.com\/index.php?rest_route=\/wp\/v2\/users\/1"}],"replies":[{"embeddable":true,"href":"https:\/\/www.egemtv.com\/index.php?rest_route=%2Fwp%2Fv2%2Fcomments&post=12757"}],"version-history":[{"count":1,"href":"https:\/\/www.egemtv.com\/index.php?rest_route=\/wp\/v2\/posts\/12757\/revisions"}],"predecessor-version":[{"id":12759,"href":"https:\/\/www.egemtv.com\/index.php?rest_route=\/wp\/v2\/posts\/12757\/revisions\/12759"}],"wp:featuredmedia":[{"embeddable":true,"href":"https:\/\/www.egemtv.com\/index.php?rest_route=\/wp\/v2\/media\/12758"}],"wp:attachment":[{"href":"https:\/\/www.egemtv.com\/index.php?rest_route=%2Fwp%2Fv2%2Fmedia&parent=12757"}],"wp:term":[{"taxonomy":"category","embeddable":true,"href":"https:\/\/www.egemtv.com\/index.php?rest_route=%2Fwp%2Fv2%2Fcategories&post=12757"},{"taxonomy":"post_tag","embeddable":true,"href":"https:\/\/www.egemtv.com\/index.php?rest_route=%2Fwp%2Fv2%2Ftags&post=12757"}],"curies":[{"name":"wp","href":"https:\/\/api.w.org\/{rel}","templated":true}]}}