{"id":12754,"date":"2025-01-27T11:37:16","date_gmt":"2025-01-27T08:37:16","guid":{"rendered":"https:\/\/www.egemtv.com\/?p=12754"},"modified":"2025-01-27T11:37:17","modified_gmt":"2025-01-27T08:37:17","slug":"hasan-basyigit-2018-yilindan-bu-yana-yuruttugu-gorevimden-gonul-rahatligiyla-ayriliyorum","status":"publish","type":"post","link":"https:\/\/www.egemtv.com\/?p=12754","title":{"rendered":"Hasan Ba\u015fyi\u011fit: &#8220;2018 y\u0131l\u0131ndan bu yana y\u00fcr\u00fctt\u00fc\u011f\u00fc g\u00f6revimden g\u00f6n\u00fcl rahatl\u0131\u011f\u0131yla ayr\u0131l\u0131yorum&#8221;"},"content":{"rendered":"<p>K\u00fctahya \u0130l Milli E\u011fitim M\u00fcd\u00fcrl\u00fc\u011f\u00fc g\u00f6revinde bulunurken Ankara\u2019ya g\u00f6revlendirilen Hasan Ba\u015fyi\u011fit, yay\u0131nlad\u0131\u011f\u0131 mesaj\u0131nda K\u00fctahya halk\u0131na ve birlikte \u00e7al\u0131\u015ft\u0131\u011f\u0131 meslekta\u015flar\u0131na te\u015fekk\u00fcr etti.<br \/>\n<br \/>Ba\u015fyi\u011fit, 2018 y\u0131l\u0131ndan bu yana y\u00fcr\u00fctt\u00fc\u011f\u00fc g\u00f6revinden g\u00f6n\u00fcl rahatl\u0131\u011f\u0131yla ayr\u0131ld\u0131\u011f\u0131n\u0131 belirterek, K\u00fctahya\u2019da e\u011fitimde yenilik\u00e7i ve de\u011fer odakl\u0131 bir anlay\u0131\u015f\u0131 h\u00e2kim k\u0131lmaya \u00e7al\u0131\u015ft\u0131klar\u0131n\u0131 vurgulad\u0131. E\u011fitim projeleriyle sadece akademik ba\u015far\u0131ya de\u011fil, \u00f6\u011frencilerin geli\u015fimine de katk\u0131 sunduklar\u0131n\u0131 ifade eden Ba\u015fyi\u011fit, K\u00fctahya\u2019da modern ve g\u00fcvenli okul binalar\u0131n\u0131n kazand\u0131r\u0131lmas\u0131na da \u00f6nc\u00fcl\u00fck ettiklerini belirtti.<br \/>\n<br \/>Veda mesaj\u0131nda, g\u00f6rev s\u00fcresi boyunca K\u00fctahya\u2019da b\u00fcy\u00fck bir aile olarak \u00e7al\u0131\u015ft\u0131klar\u0131n\u0131 dile getiren Ba\u015fyi\u011fit, \u201cVedalar her zaman zordur; hele ki ayr\u0131ld\u0131\u011f\u0131n\u0131z \u015fehir, size bir ev, insanlar\u0131 da bir aile olmu\u015fsa.Do\u011fup b\u00fcy\u00fcd\u00fc\u011f\u00fcm, sokaklar\u0131nda oyunlar oynad\u0131\u011f\u0131m, insan\u0131yla hemhal oldu\u011fum bu g\u00fczel \u015fehre hakk\u0131yla hizmet etmi\u015f olman\u0131n huzuru i\u00e7indeyim\u201d ifadelerini kulland\u0131.<br \/>\n<br \/>K\u00fctahya\u2019da g\u00f6rev yapt\u0131\u011f\u0131 s\u00fcre boyunca kendisine destek olan valilere, milletvekillerine, il ve il\u00e7e milli e\u011fitim y\u00f6neticilerine, \u00f6\u011fretmenlere ve t\u00fcm e\u011fitim camias\u0131na te\u015fekk\u00fcr eden Ba\u015fyi\u011fit, yeni il milli e\u011fitim m\u00fcd\u00fcr\u00fcne de ba\u015far\u0131lar diledi.<br \/>\n<br \/>Mesaj\u0131nda, Cumhurba\u015fkan\u0131 Recep Tayyip Erdo\u011fan\u2019a ve Milli E\u011fitim Bakan\u0131 Yusuf Tekin\u2019e de \u015f\u00fckranlar\u0131n\u0131 sunan Hasan Ba\u015fyi\u011fit, \u201cHo\u015f bir sad\u00e2 b\u0131rakabilmi\u015f olmak dile\u011fiyle\u201d s\u00f6zleriyle veda etti.<br \/><\/p>\n","protected":false},"excerpt":{"rendered":"<p>K\u00fctahya \u0130l Milli E\u011fitim M\u00fcd\u00fcrl\u00fc\u011f\u00fc g\u00f6revinde bulunurken Ankara\u2019ya g\u00f6revlendirilen Hasan Ba\u015fyi\u011fit, yay\u0131nlad\u0131\u011f\u0131 mesaj\u0131nda K\u00fctahya halk\u0131na ve birlikte \u00e7al\u0131\u015ft\u0131\u011f\u0131 meslekta\u015flar\u0131na te\u015fekk\u00fcr etti. Ba\u015fyi\u011fit, 2018 y\u0131l\u0131ndan bu yana y\u00fcr\u00fctt\u00fc\u011f\u00fc g\u00f6revinden g\u00f6n\u00fcl rahatl\u0131\u011f\u0131yla ayr\u0131ld\u0131\u011f\u0131n\u0131 belirterek, K\u00fctahya\u2019da e\u011fitimde yenilik\u00e7i ve de\u011fer odakl\u0131 bir anlay\u0131\u015f\u0131 h\u00e2kim k\u0131lmaya \u00e7al\u0131\u015ft\u0131klar\u0131n\u0131 vurgulad\u0131. E\u011fitim projeleriyle sadece akademik ba\u015far\u0131ya de\u011fil, \u00f6\u011frencilerin geli\u015fimine de katk\u0131 sunduklar\u0131n\u0131&#8230;<\/p>\n","protected":false},"author":1,"featured_media":12755,"comment_status":"open","ping_status":"open","sticky":false,"template":"","format":"standard","meta":{"_crdt_document":"","footnotes":""},"categories":[123],"tags":[],"class_list":["post-12754","post","type-post","status-publish","format-standard","has-post-thumbnail","hentry","category-gundem"],"_links":{"self":[{"href":"https:\/\/www.egemtv.com\/index.php?rest_route=\/wp\/v2\/posts\/12754","targetHints":{"allow":["GET"]}}],"collection":[{"href":"https:\/\/www.egemtv.com\/index.php?rest_route=\/wp\/v2\/posts"}],"about":[{"href":"https:\/\/www.egemtv.com\/index.php?rest_route=\/wp\/v2\/types\/post"}],"author":[{"embeddable":true,"href":"https:\/\/www.egemtv.com\/index.php?rest_route=\/wp\/v2\/users\/1"}],"replies":[{"embeddable":true,"href":"https:\/\/www.egemtv.com\/index.php?rest_route=%2Fwp%2Fv2%2Fcomments&post=12754"}],"version-history":[{"count":1,"href":"https:\/\/www.egemtv.com\/index.php?rest_route=\/wp\/v2\/posts\/12754\/revisions"}],"predecessor-version":[{"id":12756,"href":"https:\/\/www.egemtv.com\/index.php?rest_route=\/wp\/v2\/posts\/12754\/revisions\/12756"}],"wp:featuredmedia":[{"embeddable":true,"href":"https:\/\/www.egemtv.com\/index.php?rest_route=\/wp\/v2\/media\/12755"}],"wp:attachment":[{"href":"https:\/\/www.egemtv.com\/index.php?rest_route=%2Fwp%2Fv2%2Fmedia&parent=12754"}],"wp:term":[{"taxonomy":"category","embeddable":true,"href":"https:\/\/www.egemtv.com\/index.php?rest_route=%2Fwp%2Fv2%2Fcategories&post=12754"},{"taxonomy":"post_tag","embeddable":true,"href":"https:\/\/www.egemtv.com\/index.php?rest_route=%2Fwp%2Fv2%2Ftags&post=12754"}],"curies":[{"name":"wp","href":"https:\/\/api.w.org\/{rel}","templated":true}]}}