{"id":12733,"date":"2025-01-27T11:01:23","date_gmt":"2025-01-27T08:01:23","guid":{"rendered":"https:\/\/www.egemtv.com\/?p=12733"},"modified":"2025-01-27T11:01:27","modified_gmt":"2025-01-27T08:01:27","slug":"ispartada-yildirimin-dustugu-agac-kule-dondu","status":"publish","type":"post","link":"https:\/\/www.egemtv.com\/?p=12733","title":{"rendered":"Isparta\u2019da y\u0131ld\u0131r\u0131m\u0131n d\u00fc\u015ft\u00fc\u011f\u00fc a\u011fa\u00e7 k\u00fcle d\u00f6nd\u00fc"},"content":{"rendered":"<p>Isparta\u2019da, y\u0131ld\u0131r\u0131m d\u00fc\u015fmesi sonucu \u00e7\u0131kan orman yang\u0131n\u0131, ekiplerin ve vatanda\u015flar\u0131n h\u0131zl\u0131 m\u00fcdahalesiyle kontrol alt\u0131na al\u0131nd\u0131. Yang\u0131nda can kayb\u0131 ya\u015fanmazken, yang\u0131n ekiplerce s\u00f6nd\u00fcr\u00fcld\u00fc.<br \/>\n<br \/>Yang\u0131n, d\u00fcn gece Senitalan\u0131 Yaylas\u0131 Gelendost Yang\u0131n Kulesi b\u00f6lgesinde meydana geldi. Edinilen bilgiye g\u00f6re, y\u0131ld\u0131r\u0131m d\u00fc\u015fmesi nedeniyle ormanl\u0131k alanda \u00e7\u0131kan yang\u0131n, r\u00fczgar\u0131n etkisiyle k\u0131sa s\u00fcrede b\u00fcy\u00fcd\u00fc. Alevlerin fark edilmesinin ard\u0131ndan ihbar \u00fczerine b\u00f6lgeye jandarma, itfaiye ve orman ekipleri sevk edildi. Aksu Orman \u0130\u015fletme \u015eefli\u011fi ekipleri, \u00e7evre sakinlerinin de deste\u011fiyle alevlere m\u00fcdahale etti. Yo\u011fun \u00e7al\u0131\u015fmalar sonucunda yang\u0131n, kontrol alt\u0131na al\u0131narak s\u00f6nd\u00fcr\u00fcld\u00fc. So\u011futma \u00e7al\u0131\u015fmalar\u0131n\u0131n devam etti\u011fi alanda herhangi bir can kayb\u0131 ya\u015fanmazken, olay\u0131n ard\u0131ndan yetkililer b\u00f6lgede inceleme ba\u015flatt\u0131.<\/p>\n","protected":false},"excerpt":{"rendered":"<p>Isparta\u2019da, y\u0131ld\u0131r\u0131m d\u00fc\u015fmesi sonucu \u00e7\u0131kan orman yang\u0131n\u0131, ekiplerin ve vatanda\u015flar\u0131n h\u0131zl\u0131 m\u00fcdahalesiyle kontrol alt\u0131na al\u0131nd\u0131. Yang\u0131nda can kayb\u0131 ya\u015fanmazken, yang\u0131n ekiplerce s\u00f6nd\u00fcr\u00fcld\u00fc. Yang\u0131n, d\u00fcn gece Senitalan\u0131 Yaylas\u0131 Gelendost Yang\u0131n Kulesi b\u00f6lgesinde meydana geldi. Edinilen bilgiye g\u00f6re, y\u0131ld\u0131r\u0131m d\u00fc\u015fmesi nedeniyle ormanl\u0131k alanda \u00e7\u0131kan yang\u0131n, r\u00fczgar\u0131n etkisiyle k\u0131sa s\u00fcrede b\u00fcy\u00fcd\u00fc. Alevlerin fark edilmesinin ard\u0131ndan ihbar \u00fczerine b\u00f6lgeye&#8230;<\/p>\n","protected":false},"author":1,"featured_media":12734,"comment_status":"open","ping_status":"open","sticky":false,"template":"","format":"standard","meta":{"_crdt_document":"","footnotes":""},"categories":[5],"tags":[],"class_list":["post-12733","post","type-post","status-publish","format-standard","has-post-thumbnail","hentry","category-asayis"],"_links":{"self":[{"href":"https:\/\/www.egemtv.com\/index.php?rest_route=\/wp\/v2\/posts\/12733","targetHints":{"allow":["GET"]}}],"collection":[{"href":"https:\/\/www.egemtv.com\/index.php?rest_route=\/wp\/v2\/posts"}],"about":[{"href":"https:\/\/www.egemtv.com\/index.php?rest_route=\/wp\/v2\/types\/post"}],"author":[{"embeddable":true,"href":"https:\/\/www.egemtv.com\/index.php?rest_route=\/wp\/v2\/users\/1"}],"replies":[{"embeddable":true,"href":"https:\/\/www.egemtv.com\/index.php?rest_route=%2Fwp%2Fv2%2Fcomments&post=12733"}],"version-history":[{"count":1,"href":"https:\/\/www.egemtv.com\/index.php?rest_route=\/wp\/v2\/posts\/12733\/revisions"}],"predecessor-version":[{"id":12735,"href":"https:\/\/www.egemtv.com\/index.php?rest_route=\/wp\/v2\/posts\/12733\/revisions\/12735"}],"wp:featuredmedia":[{"embeddable":true,"href":"https:\/\/www.egemtv.com\/index.php?rest_route=\/wp\/v2\/media\/12734"}],"wp:attachment":[{"href":"https:\/\/www.egemtv.com\/index.php?rest_route=%2Fwp%2Fv2%2Fmedia&parent=12733"}],"wp:term":[{"taxonomy":"category","embeddable":true,"href":"https:\/\/www.egemtv.com\/index.php?rest_route=%2Fwp%2Fv2%2Fcategories&post=12733"},{"taxonomy":"post_tag","embeddable":true,"href":"https:\/\/www.egemtv.com\/index.php?rest_route=%2Fwp%2Fv2%2Ftags&post=12733"}],"curies":[{"name":"wp","href":"https:\/\/api.w.org\/{rel}","templated":true}]}}