{"id":12688,"date":"2025-01-27T10:16:13","date_gmt":"2025-01-27T07:16:13","guid":{"rendered":"https:\/\/www.egemtv.com\/?p=12688"},"modified":"2025-01-27T10:16:14","modified_gmt":"2025-01-27T07:16:14","slug":"orman-yanginlarina-karsi-koy-egitimleri-devam-ediyor","status":"publish","type":"post","link":"https:\/\/www.egemtv.com\/?p=12688","title":{"rendered":"Orman yang\u0131nlar\u0131na kar\u015f\u0131 k\u00f6y e\u011fitimleri devam ediyor"},"content":{"rendered":"<p>K\u00fctahya Orman B\u00f6lge M\u00fcd\u00fcrl\u00fc\u011f\u00fcn\u00fcn orman yang\u0131nlar\u0131na kar\u015f\u0131 k\u00f6ylerin e\u011fitimine devam etti\u011fi bildirildi<br \/>\n<br \/>Orman B\u00f6lge M\u00fcd\u00fcrl\u00fc\u011f\u00fcnce son bir haftada 86 k\u00f6yde bin 289 vatanda\u015fa, 7 Ocak 2025 tarihinden bug\u00fcne kadar ise toplam 264 k\u00f6yde 3 bin 50 vatanda\u015fa e\u011fitim verildi. Konuyla ilgili Orman B\u00f6lge M\u00fcd\u00fcrl\u00fc\u011f\u00fcnden yap\u0131lan a\u00e7\u0131klamada,\u201d Vatanda\u015flar\u0131m\u0131za verilen orman yang\u0131nlar\u0131yla m\u00fccadele e\u011fitiminde yang\u0131nlar\u0131n sadece ormanlar\u0131 de\u011fil \u00e7evredeki ya\u015fam alanlar\u0131n\u0131 da tehdit etti\u011fine ve \u00e7evresel bilin\u00e7 olu\u015fturman\u0131n \u00f6nemine dikkat \u00e7ekiyoruz. E\u011fitim \u00e7al\u0131\u015fmalar\u0131m\u0131z t\u00fcm k\u00f6ylerimizi kapsayacak \u015fekilde verilecektir\u201d ifadelerine yer verildi.<br \/><\/p>\n","protected":false},"excerpt":{"rendered":"<p>K\u00fctahya Orman B\u00f6lge M\u00fcd\u00fcrl\u00fc\u011f\u00fcn\u00fcn orman yang\u0131nlar\u0131na kar\u015f\u0131 k\u00f6ylerin e\u011fitimine devam etti\u011fi bildirildi Orman B\u00f6lge M\u00fcd\u00fcrl\u00fc\u011f\u00fcnce son bir haftada 86 k\u00f6yde bin 289 vatanda\u015fa, 7 Ocak 2025 tarihinden bug\u00fcne kadar ise toplam 264 k\u00f6yde 3 bin 50 vatanda\u015fa e\u011fitim verildi. Konuyla ilgili Orman B\u00f6lge M\u00fcd\u00fcrl\u00fc\u011f\u00fcnden yap\u0131lan a\u00e7\u0131klamada,\u201d Vatanda\u015flar\u0131m\u0131za verilen orman yang\u0131nlar\u0131yla m\u00fccadele e\u011fitiminde yang\u0131nlar\u0131n sadece ormanlar\u0131&#8230;<\/p>\n","protected":false},"author":1,"featured_media":12689,"comment_status":"open","ping_status":"open","sticky":false,"template":"","format":"standard","meta":{"_crdt_document":"","footnotes":""},"categories":[1],"tags":[],"class_list":["post-12688","post","type-post","status-publish","format-standard","has-post-thumbnail","hentry","category-guncel"],"_links":{"self":[{"href":"https:\/\/www.egemtv.com\/index.php?rest_route=\/wp\/v2\/posts\/12688","targetHints":{"allow":["GET"]}}],"collection":[{"href":"https:\/\/www.egemtv.com\/index.php?rest_route=\/wp\/v2\/posts"}],"about":[{"href":"https:\/\/www.egemtv.com\/index.php?rest_route=\/wp\/v2\/types\/post"}],"author":[{"embeddable":true,"href":"https:\/\/www.egemtv.com\/index.php?rest_route=\/wp\/v2\/users\/1"}],"replies":[{"embeddable":true,"href":"https:\/\/www.egemtv.com\/index.php?rest_route=%2Fwp%2Fv2%2Fcomments&post=12688"}],"version-history":[{"count":1,"href":"https:\/\/www.egemtv.com\/index.php?rest_route=\/wp\/v2\/posts\/12688\/revisions"}],"predecessor-version":[{"id":12690,"href":"https:\/\/www.egemtv.com\/index.php?rest_route=\/wp\/v2\/posts\/12688\/revisions\/12690"}],"wp:featuredmedia":[{"embeddable":true,"href":"https:\/\/www.egemtv.com\/index.php?rest_route=\/wp\/v2\/media\/12689"}],"wp:attachment":[{"href":"https:\/\/www.egemtv.com\/index.php?rest_route=%2Fwp%2Fv2%2Fmedia&parent=12688"}],"wp:term":[{"taxonomy":"category","embeddable":true,"href":"https:\/\/www.egemtv.com\/index.php?rest_route=%2Fwp%2Fv2%2Fcategories&post=12688"},{"taxonomy":"post_tag","embeddable":true,"href":"https:\/\/www.egemtv.com\/index.php?rest_route=%2Fwp%2Fv2%2Ftags&post=12688"}],"curies":[{"name":"wp","href":"https:\/\/api.w.org\/{rel}","templated":true}]}}