{"id":12685,"date":"2025-01-27T10:16:10","date_gmt":"2025-01-27T07:16:10","guid":{"rendered":"https:\/\/www.egemtv.com\/?p=12685"},"modified":"2025-01-27T10:16:13","modified_gmt":"2025-01-27T07:16:13","slug":"afyonkarahisarda-mirac-kandili-dualarla-gecirildi","status":"publish","type":"post","link":"https:\/\/www.egemtv.com\/?p=12685","title":{"rendered":"Afyonkarahisar\u2019da Mira\u00e7 Kandili dualarla ge\u00e7irildi"},"content":{"rendered":"<p>Afyonkarahisar \u0130l M\u00fcft\u00fcl\u00fc\u011f\u00fc taraf\u0131ndan Mira\u00e7 Kandili dolay\u0131s\u0131yla kent genelindeki camilerde \u00f6zel programlar d\u00fczenlendi. Ak\u015fam namaz\u0131n\u0131n ard\u0131ndan camilere ak\u0131n eden vatanda\u015flar, ibadetlerini ger\u00e7ekle\u015ftirerek dua etti.<br \/>\n<br \/>Merkez Pa\u015fa Camiinde yap\u0131lan programda, cami g\u00f6revlileri taraf\u0131ndan Kur\u2019an-\u0131 Kerim tilavet edildi ve Mevlid-i \u015eerif okundu. Ard\u0131ndan \u0130l M\u00fcft\u00fcl\u00fc\u011f\u00fc \u0130lahi Korosu zikir, naat  ve ilahiler s\u00f6ylendi. \u0130l M\u00fcft\u00fcs\u00fc L\u00fctf\u00fc \u0130mamo\u011flu taraf\u0131ndan \u00fc\u00e7 aylar ile \u0130sra ve Mira\u00e7\u2019\u0131n \u00f6nemine dair vaaz edildi. Vatanda\u015flar\u0131n yo\u011fun oldu\u011fu kat\u0131l\u0131m g\u00f6sterdi\u011fi program, \u0130l M\u00fcft\u00fcs\u00fc \u0130mamo\u011flu\u2019nun yapt\u0131\u011f\u0131 dua ile sona erdi.<br \/><\/p>\n","protected":false},"excerpt":{"rendered":"<p>Afyonkarahisar \u0130l M\u00fcft\u00fcl\u00fc\u011f\u00fc taraf\u0131ndan Mira\u00e7 Kandili dolay\u0131s\u0131yla kent genelindeki camilerde \u00f6zel programlar d\u00fczenlendi. Ak\u015fam namaz\u0131n\u0131n ard\u0131ndan camilere ak\u0131n eden vatanda\u015flar, ibadetlerini ger\u00e7ekle\u015ftirerek dua etti. Merkez Pa\u015fa Camiinde yap\u0131lan programda, cami g\u00f6revlileri taraf\u0131ndan Kur\u2019an-\u0131 Kerim tilavet edildi ve Mevlid-i \u015eerif okundu. Ard\u0131ndan \u0130l M\u00fcft\u00fcl\u00fc\u011f\u00fc \u0130lahi Korosu zikir, naat ve ilahiler s\u00f6ylendi. \u0130l M\u00fcft\u00fcs\u00fc L\u00fctf\u00fc \u0130mamo\u011flu taraf\u0131ndan&#8230;<\/p>\n","protected":false},"author":1,"featured_media":12686,"comment_status":"open","ping_status":"open","sticky":false,"template":"","format":"standard","meta":{"_crdt_document":"","footnotes":""},"categories":[1],"tags":[],"class_list":["post-12685","post","type-post","status-publish","format-standard","has-post-thumbnail","hentry","category-guncel"],"_links":{"self":[{"href":"https:\/\/www.egemtv.com\/index.php?rest_route=\/wp\/v2\/posts\/12685","targetHints":{"allow":["GET"]}}],"collection":[{"href":"https:\/\/www.egemtv.com\/index.php?rest_route=\/wp\/v2\/posts"}],"about":[{"href":"https:\/\/www.egemtv.com\/index.php?rest_route=\/wp\/v2\/types\/post"}],"author":[{"embeddable":true,"href":"https:\/\/www.egemtv.com\/index.php?rest_route=\/wp\/v2\/users\/1"}],"replies":[{"embeddable":true,"href":"https:\/\/www.egemtv.com\/index.php?rest_route=%2Fwp%2Fv2%2Fcomments&post=12685"}],"version-history":[{"count":1,"href":"https:\/\/www.egemtv.com\/index.php?rest_route=\/wp\/v2\/posts\/12685\/revisions"}],"predecessor-version":[{"id":12687,"href":"https:\/\/www.egemtv.com\/index.php?rest_route=\/wp\/v2\/posts\/12685\/revisions\/12687"}],"wp:featuredmedia":[{"embeddable":true,"href":"https:\/\/www.egemtv.com\/index.php?rest_route=\/wp\/v2\/media\/12686"}],"wp:attachment":[{"href":"https:\/\/www.egemtv.com\/index.php?rest_route=%2Fwp%2Fv2%2Fmedia&parent=12685"}],"wp:term":[{"taxonomy":"category","embeddable":true,"href":"https:\/\/www.egemtv.com\/index.php?rest_route=%2Fwp%2Fv2%2Fcategories&post=12685"},{"taxonomy":"post_tag","embeddable":true,"href":"https:\/\/www.egemtv.com\/index.php?rest_route=%2Fwp%2Fv2%2Ftags&post=12685"}],"curies":[{"name":"wp","href":"https:\/\/api.w.org\/{rel}","templated":true}]}}