{"id":12682,"date":"2025-01-27T10:09:07","date_gmt":"2025-01-27T07:09:07","guid":{"rendered":"https:\/\/www.egemtv.com\/?p=12682"},"modified":"2025-01-27T10:09:09","modified_gmt":"2025-01-27T07:09:09","slug":"cemar-mermer-ic-piyasada-seramik-satisina-baslayacak","status":"publish","type":"post","link":"https:\/\/www.egemtv.com\/?p=12682","title":{"rendered":"Cemar Mermer, i\u00e7 piyasada \u2018seramik\u2019 sat\u0131\u015f\u0131na ba\u015flayacak"},"content":{"rendered":"<p>Ege Seramik ile yap\u0131lan i\u015fbirli\u011fi anla\u015fmas\u0131na ili\u015fkin de\u011ferlendirme yapan Cemar Mermer ve Traverten Genel M\u00fcd\u00fcr Yusuf Yal\u00e7\u0131n, \u201c\u0130n\u015fallah \u00f6n\u00fcm\u00fczdeki g\u00fcnlerde i\u00e7 ve d\u0131\u015f piyasada fiili olarak seramik sat\u0131\u015f\u0131na ba\u015flayaca\u011f\u0131z. Biz, ihracatta i\u015f birli\u011fine giderek ve bayilik almak suretiyle i\u00e7 piyasada da sat\u0131\u015fa ba\u015flam\u0131\u015f olaca\u011f\u0131z. \u0130\u015fbirli\u011fimizle bunu daha kurumsal d\u00fczeyde, daha k\u00f6kl\u00fc bir firmayla s\u00fcrd\u00fcrmek istedik\u201d dedi.<br \/>\n<br \/>Manisa Kula\u2019da bulunan Traverten ve Mermer ihracat\u0131nda \u00f6nc\u00fc firmalardan Cemar Mermer ve Traverten, Ege Seramik ile \u2018i\u00e7 piyasada seramik\u2019 anla\u015fmas\u0131 yapt\u0131. Anla\u015fmayla birlikte Cemar Mermer ve Traverten, yurtd\u0131\u015f\u0131nda devam eden seramik sat\u0131\u015f\u0131n\u0131n yan\u0131nda art\u0131k i\u00e7 piyasada da seramik sat\u0131\u015f\u0131n\u0131 ba\u015flatm\u0131\u015f olacak. Yap\u0131lan anla\u015fmaya dair detaylar\u0131 aktaran Cemar Mermer ve Traverten\u2019in Genel M\u00fcd\u00fcr\u00fc Yusuf Yal\u00e7\u0131n, \u201cY\u00f6netim Kurulu Ba\u015fkan\u0131m\u0131zla yapt\u0131\u011f\u0131m\u0131z isti\u015fare ve olu\u015fturdu\u011fumuz strateji do\u011frultusunda yeni bir hamle yap\u0131yoruz. Biz Fransa\u2019da, Lyon\u2019da ve Paris\u2019te bulunan merkezlerimizde, depolar\u0131m\u0131zda ve ma\u011fazalar\u0131m\u0131zda uzun zamand\u0131r seramik sat\u0131yoruz. Fransa\u2019n\u0131n d\u0131\u015f\u0131na ta\u015f\u0131rmak ve ayn\u0131 zamanda yurt i\u00e7inde de seramik sat\u0131\u015f\u0131n\u0131 ba\u015flatmak amac\u0131yla yakla\u015f\u0131k 3 ayd\u0131r bir ara\u015ft\u0131rma i\u00e7erisindeydik. Bu ara\u015ft\u0131rma neticesinde ge\u00e7ti\u011fimiz ay \u0130stanbul\u2019da seramik fuar\u0131nda, \u00fcst d\u00fczey y\u00f6neticilerle g\u00f6r\u00fc\u015fmeler yapm\u0131\u015ft\u0131k. O g\u00f6r\u00fc\u015fmelerin devam\u0131nda ihracat ve i\u00e7 piyasa m\u00fcd\u00fcr\u00fcm\u00fcz ile birlikte Ege Seramik\u2019in tesislerine gelerek g\u00f6r\u00fc\u015fmelerimizi s\u00fcrd\u00fcrd\u00fck. Y\u00f6netici arkada\u015flarla g\u00f6r\u00fc\u015fmeler yaparak bug\u00fcnk\u00fc organizasyonu planlad\u0131k. Planlad\u0131\u011f\u0131m\u0131z organizasyon da i\u00e7 piyasada ve ihracatta bulunan b\u00fct\u00fcn sat\u0131\u015f ekibi arkada\u015flar\u0131m\u0131za e\u011fitim verilmesi, tesislerde gezdirilmesi, bilgilendirilmesi, \u00fcretim konusundaki baz\u0131 detaylar\u0131n payla\u015f\u0131lmas\u0131 gibi \u00e7al\u0131\u015fma ba\u015flatt\u0131k\u201d diye konu\u015ftu.<\/p>\n<p>\u201c\u0130lerleyen g\u00fcnlerde hem i\u00e7 hem d\u0131\u015f piyasada sat\u0131\u015fa ba\u015flam\u0131\u015f olaca\u011f\u0131z\u201d<br \/>\n<br \/>\u0130lerleyen g\u00fcnlerde art\u0131k hem i\u00e7 piyasada hem d\u0131\u015f piyasada fiili olarak sat\u0131\u015fa ba\u015flam\u0131\u015f olacaklar\u0131n\u0131 aktaran Yal\u00e7\u0131n, \u201c\u0130hracatta i\u015f birli\u011fi yapt\u0131k ve bayilik almak suretiyle i\u00e7 piyasada da sat\u0131\u015fa ge\u00e7iyoruz. Biz bunu daha kurumsal d\u00fczeyde, daha k\u00f6kl\u00fc bir firmayla s\u00fcrd\u00fcrmek istedik. Ege b\u00f6lgesinde olmam\u0131zdan dolay\u0131 bu iki firman\u0131n birbirine iyi destek olaca\u011f\u0131n\u0131 d\u00fc\u015f\u00fcnd\u00fck. \u015eu ana kadar da g\u00f6r\u00fc\u015fmelerimizin planlad\u0131\u011f\u0131m\u0131z gibi gitmesinden de son derece memnunum\u201d a\u00e7\u0131klamalar\u0131na yer verdi.<\/p>\n<p>\u201cFransa\u2019daki ma\u011fazalar\u0131ndan \u00e7ok memnun kald\u0131k\u201d<br \/>\n<br \/>Ege Seramik \u0130hracat M\u00fcd\u00fcr\u00fc Se\u00e7il Mutlu da \u201cCemar firmas\u0131yla fuarda tan\u0131\u015ft\u0131k. Daha sonra Fransa\u2019daki ma\u011fazalar\u0131n\u0131 gezdik. \u00c7ok memnun kald\u0131k. Oradaki yap\u0131lanmalar\u0131 bizi etkiledi. Kula\u2019daki ocaklar\u0131na gittik. Bundan sonras\u0131nda haz\u0131rlad\u0131\u011f\u0131m\u0131z s\u00f6zle\u015fme \u00e7er\u00e7evesinde, ekibin teknik e\u011fitimi, fabrika e\u011fitimi, \u00fcr\u00fcn e\u011fitimi ve sat\u0131\u015f ekiplerinin birbiriyle kayna\u015fma amac\u0131yla fabrikam\u0131zda hep beraber olduk. Bundan sonraki \u00e7al\u0131\u015fmalar\u0131m\u0131z\u0131n Fransa\u2019da kuvvetlenerek birlikte i\u015f ve g\u00fc\u00e7 birli\u011fi i\u00e7ine devam edece\u011fine biz \u00e7ok inan\u0131yoruz\u201d a\u00e7\u0131klamalar\u0131nda bulundu.<br \/><\/p>\n","protected":false},"excerpt":{"rendered":"<p>Ege Seramik ile yap\u0131lan i\u015fbirli\u011fi anla\u015fmas\u0131na ili\u015fkin de\u011ferlendirme yapan Cemar Mermer ve Traverten Genel M\u00fcd\u00fcr Yusuf Yal\u00e7\u0131n, \u201c\u0130n\u015fallah \u00f6n\u00fcm\u00fczdeki g\u00fcnlerde i\u00e7 ve d\u0131\u015f piyasada fiili olarak seramik sat\u0131\u015f\u0131na ba\u015flayaca\u011f\u0131z. Biz, ihracatta i\u015f birli\u011fine giderek ve bayilik almak suretiyle i\u00e7 piyasada da sat\u0131\u015fa ba\u015flam\u0131\u015f olaca\u011f\u0131z. \u0130\u015fbirli\u011fimizle bunu daha kurumsal d\u00fczeyde, daha k\u00f6kl\u00fc bir firmayla s\u00fcrd\u00fcrmek istedik\u201d&#8230;<\/p>\n","protected":false},"author":1,"featured_media":12683,"comment_status":"open","ping_status":"open","sticky":false,"template":"","format":"standard","meta":{"_crdt_document":"","footnotes":""},"categories":[125],"tags":[],"class_list":["post-12682","post","type-post","status-publish","format-standard","has-post-thumbnail","hentry","category-ekonomi"],"_links":{"self":[{"href":"https:\/\/www.egemtv.com\/index.php?rest_route=\/wp\/v2\/posts\/12682","targetHints":{"allow":["GET"]}}],"collection":[{"href":"https:\/\/www.egemtv.com\/index.php?rest_route=\/wp\/v2\/posts"}],"about":[{"href":"https:\/\/www.egemtv.com\/index.php?rest_route=\/wp\/v2\/types\/post"}],"author":[{"embeddable":true,"href":"https:\/\/www.egemtv.com\/index.php?rest_route=\/wp\/v2\/users\/1"}],"replies":[{"embeddable":true,"href":"https:\/\/www.egemtv.com\/index.php?rest_route=%2Fwp%2Fv2%2Fcomments&post=12682"}],"version-history":[{"count":1,"href":"https:\/\/www.egemtv.com\/index.php?rest_route=\/wp\/v2\/posts\/12682\/revisions"}],"predecessor-version":[{"id":12684,"href":"https:\/\/www.egemtv.com\/index.php?rest_route=\/wp\/v2\/posts\/12682\/revisions\/12684"}],"wp:featuredmedia":[{"embeddable":true,"href":"https:\/\/www.egemtv.com\/index.php?rest_route=\/wp\/v2\/media\/12683"}],"wp:attachment":[{"href":"https:\/\/www.egemtv.com\/index.php?rest_route=%2Fwp%2Fv2%2Fmedia&parent=12682"}],"wp:term":[{"taxonomy":"category","embeddable":true,"href":"https:\/\/www.egemtv.com\/index.php?rest_route=%2Fwp%2Fv2%2Fcategories&post=12682"},{"taxonomy":"post_tag","embeddable":true,"href":"https:\/\/www.egemtv.com\/index.php?rest_route=%2Fwp%2Fv2%2Ftags&post=12682"}],"curies":[{"name":"wp","href":"https:\/\/api.w.org\/{rel}","templated":true}]}}