{"id":12679,"date":"2025-01-27T10:09:05","date_gmt":"2025-01-27T07:09:05","guid":{"rendered":"https:\/\/www.egemtv.com\/?p=12679"},"modified":"2025-01-27T10:09:07","modified_gmt":"2025-01-27T07:09:07","slug":"buyuksehir-tek-dam-projesi-ile-ureticileri-birlestirecek","status":"publish","type":"post","link":"https:\/\/www.egemtv.com\/?p=12679","title":{"rendered":"B\u00fcy\u00fck\u015fehir \u2018Tek Dam\u2019 Projesi ile \u00fcreticileri birle\u015ftirecek"},"content":{"rendered":"<p>Manisa B\u00fcy\u00fck\u015fehir Belediyesi, k\u0131rsal kalk\u0131nmaya verdi\u011fi \u00f6nem do\u011frultusunda, k\u0131rsal b\u00f6lgelerdeki hayvan yeti\u015ftiricilerini \u2018Tek Dam\u2019 projesi ile bir araya getiriyor. Yenilik\u00e7i proje, s\u00fct hayvan\u0131 yeti\u015ftiricili\u011finde verimlili\u011fi art\u0131rmay\u0131, \u00fcreticilerin ya\u015fam \u015fartlar\u0131n\u0131 iyile\u015ftirmeyi ve b\u00f6lgesel \u00fcretimin s\u00fcrd\u00fcr\u00fclebilirli\u011fini sa\u011flamay\u0131 hedefliyor.<br \/>\n<br \/>Manisa B\u00fcy\u00fck\u015fehir Belediyesi, k\u0131rsal b\u00f6lgelerdeki hayvan verimlili\u011fini artt\u0131rmak, s\u00fcr\u00fclerin iyile\u015ftirilmesini sa\u011flamak ve s\u00fcrd\u00fcr\u00fclebilir bir \u00fcretim i\u00e7in yeni bir projeyi hayata ge\u00e7irmeye haz\u0131rlan\u0131yor. \u2018Tek Dam\u2019 projesi ile s\u00fct hayvan\u0131 yeti\u015ftiricilerinin bir araya gelmesi, kontroll\u00fc \u00fcretim yap\u0131lmas\u0131 ve ayr\u0131ca hayvan \u00fcretim s\u00fcre\u00e7lerinde kar\u015f\u0131la\u015f\u0131lan zorluklara \u00e7\u00f6z\u00fcm getirilmesi ama\u00e7lan\u0131yor. Kooperatifle\u015fme ve e\u011fitim deste\u011fiyle \u00fcreticilerin gelirlerinin art\u0131r\u0131lmas\u0131 ve ekonomiye katk\u0131 sa\u011flanmas\u0131 i\u00e7in yeti\u015ftiricilerle bir araya gelindi. Projenin bir di\u011fer \u00f6nemli amac\u0131 evlerin alt\u0131nda hayvan yeti\u015ftiricili\u011fi yap\u0131lmamas\u0131, hijyen \u015fartlar\u0131n\u0131n sa\u011flanmas\u0131 ve ari i\u015fletme s\u00fct kalitesinde t\u00fcketiciye s\u00fct ve s\u00fct \u00fcr\u00fcnleri sa\u011flanmas\u0131d\u0131r. G\u00f6lmarmara \u0130l\u00e7esi Hac\u0131veliler, Salihli \u0130l\u00e7esi Adala ve Taytan, Sar\u0131g\u00f6l \u0130l\u00e7esi\u2019nde ise Alem\u015fahl\u0131 mahallesinde ger\u00e7ekle\u015ftirilen toplant\u0131larda, \u00fcreticilerin ya\u015fad\u0131\u011f\u0131 sorunlar, artan yem fiyatlar\u0131 ve d\u00fc\u015f\u00fck s\u00fct fiyatlar\u0131ndan kaynaklanan maddi kay\u0131plar gibi zorluklar ile \u00f6nerilen tek dam projesinin detaylar\u0131 masaya yat\u0131r\u0131larak \u00e7\u00f6z\u00fcm \u00f6nerileri de\u011ferlendirildi.<br \/>\n<br \/>Toplant\u0131lara, G\u00f6lmarmara Belediye Ba\u015fkan\u0131 Cem Aykan, Sar\u0131g\u00f6l Belediye Ba\u015fkan\u0131 Tahsin Akdeniz, Manisa B\u00fcy\u00fck\u015fehir Belediyesi Ba\u015fkan Dan\u0131\u015fmanlar\u0131 Prof. Dr. Yusuf Kurucu ve Salih Fulcun, K\u0131rsal Hizmetler Dairesi Ba\u015fkan\u0131 Y\u0131lmaz Usta, Salihli Belediyesi K\u0131rsal Hizmetler Sorumlusu Ziya Durasl\u0131, Adala Tar\u0131msal Kalk\u0131nma Kooperatifi Ba\u015fkan Yard\u0131mc\u0131s\u0131 Hulki Yaman, B\u00fcy\u00fck\u015fehir Belediyesi Meclis \u00dcyeleri, siyasi parti temsilcileri ve hayvan yeti\u015ftiricileri kat\u0131ld\u0131.<\/p>\n<p>\u00dcreticilerin kooperatifle\u015fmesi i\u00e7in destek sa\u011flanacak<br \/>\n<br \/>Bu projeyle birlikte Manisa B\u00fcy\u00fck\u015fehir Belediyesi, hem yerel ekonomiye katk\u0131 sa\u011flamay\u0131 hem de \u00fcreticilerin ya\u015fam kalitesini iyile\u015ftirmeyi hedefliyor. \u2018Tek Dam\u2019 projesi, \u00fcreticilerin kooperatifle\u015fmesini te\u015fvik ediyor. Kooperatifler g\u0131da sa\u011fl\u0131\u011f\u0131n\u0131n g\u00fcvencesi ve \u00fcreticinin garantisi olarak g\u00f6ren Manisa B\u00fcy\u00fck\u015fehir Belediyesi ve il\u00e7e belediyeleri, kooperatifle\u015fmek isteyen yeti\u015ftiricilere rehberlik edecek ve e\u011fitimler sunarak daha iyi pazarlama ve katma de\u011fer olu\u015fturma f\u0131rsatlar\u0131 sunacak. Bu sayede \u00fcreticilerin gelirleri art\u0131r\u0131lacak ve k\u0131rsal ekonomiye \u00f6nemli katk\u0131lar sa\u011flanacak. Ayr\u0131ca, kooperatifle\u015fme ile birlikte \u00fcreticilerin sorunlar\u0131na ortak \u00e7\u00f6z\u00fcmler \u00fcretmek ve b\u00f6lgesel hayvanc\u0131l\u0131\u011f\u0131 daha g\u00fc\u00e7l\u00fc bir temele oturtmak da ama\u00e7lan\u0131yor.<br \/><\/p>\n","protected":false},"excerpt":{"rendered":"<p>Manisa B\u00fcy\u00fck\u015fehir Belediyesi, k\u0131rsal kalk\u0131nmaya verdi\u011fi \u00f6nem do\u011frultusunda, k\u0131rsal b\u00f6lgelerdeki hayvan yeti\u015ftiricilerini \u2018Tek Dam\u2019 projesi ile bir araya getiriyor. Yenilik\u00e7i proje, s\u00fct hayvan\u0131 yeti\u015ftiricili\u011finde verimlili\u011fi art\u0131rmay\u0131, \u00fcreticilerin ya\u015fam \u015fartlar\u0131n\u0131 iyile\u015ftirmeyi ve b\u00f6lgesel \u00fcretimin s\u00fcrd\u00fcr\u00fclebilirli\u011fini sa\u011flamay\u0131 hedefliyor. Manisa B\u00fcy\u00fck\u015fehir Belediyesi, k\u0131rsal b\u00f6lgelerdeki hayvan verimlili\u011fini artt\u0131rmak, s\u00fcr\u00fclerin iyile\u015ftirilmesini sa\u011flamak ve s\u00fcrd\u00fcr\u00fclebilir bir \u00fcretim i\u00e7in yeni bir projeyi&#8230;<\/p>\n","protected":false},"author":1,"featured_media":12680,"comment_status":"open","ping_status":"open","sticky":false,"template":"","format":"standard","meta":{"_crdt_document":"","footnotes":""},"categories":[125],"tags":[],"class_list":["post-12679","post","type-post","status-publish","format-standard","has-post-thumbnail","hentry","category-ekonomi"],"_links":{"self":[{"href":"https:\/\/www.egemtv.com\/index.php?rest_route=\/wp\/v2\/posts\/12679","targetHints":{"allow":["GET"]}}],"collection":[{"href":"https:\/\/www.egemtv.com\/index.php?rest_route=\/wp\/v2\/posts"}],"about":[{"href":"https:\/\/www.egemtv.com\/index.php?rest_route=\/wp\/v2\/types\/post"}],"author":[{"embeddable":true,"href":"https:\/\/www.egemtv.com\/index.php?rest_route=\/wp\/v2\/users\/1"}],"replies":[{"embeddable":true,"href":"https:\/\/www.egemtv.com\/index.php?rest_route=%2Fwp%2Fv2%2Fcomments&post=12679"}],"version-history":[{"count":1,"href":"https:\/\/www.egemtv.com\/index.php?rest_route=\/wp\/v2\/posts\/12679\/revisions"}],"predecessor-version":[{"id":12681,"href":"https:\/\/www.egemtv.com\/index.php?rest_route=\/wp\/v2\/posts\/12679\/revisions\/12681"}],"wp:featuredmedia":[{"embeddable":true,"href":"https:\/\/www.egemtv.com\/index.php?rest_route=\/wp\/v2\/media\/12680"}],"wp:attachment":[{"href":"https:\/\/www.egemtv.com\/index.php?rest_route=%2Fwp%2Fv2%2Fmedia&parent=12679"}],"wp:term":[{"taxonomy":"category","embeddable":true,"href":"https:\/\/www.egemtv.com\/index.php?rest_route=%2Fwp%2Fv2%2Fcategories&post=12679"},{"taxonomy":"post_tag","embeddable":true,"href":"https:\/\/www.egemtv.com\/index.php?rest_route=%2Fwp%2Fv2%2Ftags&post=12679"}],"curies":[{"name":"wp","href":"https:\/\/api.w.org\/{rel}","templated":true}]}}