{"id":12628,"date":"2025-01-26T19:49:12","date_gmt":"2025-01-26T16:49:12","guid":{"rendered":"https:\/\/www.egemtv.com\/?p=12628"},"modified":"2025-01-26T19:49:12","modified_gmt":"2025-01-26T16:49:12","slug":"erzincanda-gorev-yapan-denizlili-astsubay-dogum-gunune-saatler-kala-gecirdigi-kaza-sonucu-hayatini-kaybetti","status":"publish","type":"post","link":"https:\/\/www.egemtv.com\/?p=12628","title":{"rendered":"Erzincan\u2019da g\u00f6rev yapan Denizlili Astsubay do\u011fum g\u00fcn\u00fcne saatler kala ge\u00e7irdi\u011fi kaza sonucu hayat\u0131n\u0131 kaybetti"},"content":{"rendered":"<p>Erzincan\u2019da 3. Ordu Komutanl\u0131\u011f\u0131\u2019nda g\u00f6rev yapan Astsubay \u00c7avu\u015f Muharrem Abban, Ergan Kayak Merkezi\u2019nde ge\u00e7irdi\u011fi kaza sonucu a\u011f\u0131r yaralanarak hastaneye kald\u0131r\u0131ld\u0131. Hastaneye kald\u0131r\u0131lan gen\u00e7 astsubay, do\u011fum g\u00fcn\u00fcne saatler kala t\u00fcm m\u00fcdahalelere ra\u011fmen hayat\u0131n\u0131 kaybetti.<\/p>\n<p>Olay, Cumartesi g\u00fcn\u00fc \u00f6\u011fle saatlerinde Erzincan\u2019daki Ergan Kayak Merkezi\u2019nde meydana geldi. Hobi olarak profesyonel kayak yapan Muharrem Abban (23), arkada\u015flar\u0131yla birlikte yeni a\u00e7\u0131lan bir pisti denemek \u00fczere kayak merkezine gitti. Ancak pistte ya\u015fanan talihsiz bir olay sonucu pisten \u00e7\u0131kan gen\u00e7 astsubay a\u011f\u0131r yaraland\u0131.<\/p>\n<p>Do\u011fum g\u00fcn\u00fcne saatler kala hayat\u0131n\u0131 kaybetti<br \/>\n<br \/>26 Ocak 2002 do\u011fumlu olan ve bug\u00fcn 23. ya\u015f\u0131na girmesi beklenen Abban, kazan\u0131n ard\u0131ndan sa\u011fl\u0131k ekipleri taraf\u0131ndan olay yerinde yap\u0131lan ilk m\u00fcdahalenin ard\u0131ndan hastaneye kald\u0131r\u0131ld\u0131. A\u011f\u0131r yaral\u0131 olarak tedavi alt\u0131na al\u0131nan Abban, t\u00fcm \u00e7abalara ra\u011fmen ayn\u0131 gece saatlerinde hayat\u0131n\u0131 kaybetti.<\/p>\n<p>Erzincan\u2019da g\u00f6rev arkada\u015flar\u0131 taraf\u0131ndan d\u00fczenlenen bir t\u00f6renle memleketi Denizli\u2019ye u\u011furlanan Muharrem Abban\u2019\u0131n cenazesi, Hilal Camii\u2019nde k\u0131l\u0131nacak cenaze namaz\u0131n\u0131n ard\u0131ndan topra\u011fa verilecek. Gen\u00e7 ya\u015fta hayata veda eden astsubay\u0131n \u00f6l\u00fcm\u00fc ailesini, arkada\u015flar\u0131n\u0131 ve g\u00f6rev yapt\u0131\u011f\u0131 birlik i\u00e7erisindeki mesai arkada\u015flar\u0131n\u0131 yasa bo\u011fdu.<br \/><\/p>\n","protected":false},"excerpt":{"rendered":"<p>Erzincan\u2019da 3. Ordu Komutanl\u0131\u011f\u0131\u2019nda g\u00f6rev yapan Astsubay \u00c7avu\u015f Muharrem Abban, Ergan Kayak Merkezi\u2019nde ge\u00e7irdi\u011fi kaza sonucu a\u011f\u0131r yaralanarak hastaneye kald\u0131r\u0131ld\u0131. Hastaneye kald\u0131r\u0131lan gen\u00e7 astsubay, do\u011fum g\u00fcn\u00fcne saatler kala t\u00fcm m\u00fcdahalelere ra\u011fmen hayat\u0131n\u0131 kaybetti. Olay, Cumartesi g\u00fcn\u00fc \u00f6\u011fle saatlerinde Erzincan\u2019daki Ergan Kayak Merkezi\u2019nde meydana geldi. Hobi olarak profesyonel kayak yapan Muharrem Abban (23), arkada\u015flar\u0131yla birlikte yeni&#8230;<\/p>\n","protected":false},"author":1,"featured_media":12629,"comment_status":"open","ping_status":"open","sticky":false,"template":"","format":"standard","meta":{"_crdt_document":"","footnotes":""},"categories":[5],"tags":[],"class_list":["post-12628","post","type-post","status-publish","format-standard","has-post-thumbnail","hentry","category-asayis"],"_links":{"self":[{"href":"https:\/\/www.egemtv.com\/index.php?rest_route=\/wp\/v2\/posts\/12628","targetHints":{"allow":["GET"]}}],"collection":[{"href":"https:\/\/www.egemtv.com\/index.php?rest_route=\/wp\/v2\/posts"}],"about":[{"href":"https:\/\/www.egemtv.com\/index.php?rest_route=\/wp\/v2\/types\/post"}],"author":[{"embeddable":true,"href":"https:\/\/www.egemtv.com\/index.php?rest_route=\/wp\/v2\/users\/1"}],"replies":[{"embeddable":true,"href":"https:\/\/www.egemtv.com\/index.php?rest_route=%2Fwp%2Fv2%2Fcomments&post=12628"}],"version-history":[{"count":1,"href":"https:\/\/www.egemtv.com\/index.php?rest_route=\/wp\/v2\/posts\/12628\/revisions"}],"predecessor-version":[{"id":12630,"href":"https:\/\/www.egemtv.com\/index.php?rest_route=\/wp\/v2\/posts\/12628\/revisions\/12630"}],"wp:featuredmedia":[{"embeddable":true,"href":"https:\/\/www.egemtv.com\/index.php?rest_route=\/wp\/v2\/media\/12629"}],"wp:attachment":[{"href":"https:\/\/www.egemtv.com\/index.php?rest_route=%2Fwp%2Fv2%2Fmedia&parent=12628"}],"wp:term":[{"taxonomy":"category","embeddable":true,"href":"https:\/\/www.egemtv.com\/index.php?rest_route=%2Fwp%2Fv2%2Fcategories&post=12628"},{"taxonomy":"post_tag","embeddable":true,"href":"https:\/\/www.egemtv.com\/index.php?rest_route=%2Fwp%2Fv2%2Ftags&post=12628"}],"curies":[{"name":"wp","href":"https:\/\/api.w.org\/{rel}","templated":true}]}}