{"id":12622,"date":"2025-01-26T19:42:49","date_gmt":"2025-01-26T16:42:49","guid":{"rendered":"https:\/\/www.egemtv.com\/?p=12622"},"modified":"2025-01-26T19:42:50","modified_gmt":"2025-01-26T16:42:50","slug":"koycegiz-ikinci-el-pazarina-yogun-ilgi","status":"publish","type":"post","link":"https:\/\/www.egemtv.com\/?p=12622","title":{"rendered":"K\u00f6yce\u011fiz ikinci el pazar\u0131na yo\u011fun ilgi"},"content":{"rendered":"<p>Mu\u011fla\u2019n\u0131n K\u00f6yce\u011fiz il\u00e7esinde her ay\u0131n son Pazar g\u00fcn\u00fc kurulan ikinci el pazar\u0131na vatanda\u015flar yo\u011fun ilgi g\u00f6sterdi.<\/p>\n<p>Bir g\u00fcn \u00f6nce ve gece boyunca ya\u011fan ya\u011fmurlar\u0131n ard\u0131ndan g\u00fcne\u015fli bir havada kurulan ikinci el pazar\u0131na kat\u0131l\u0131m\u0131n kalabal\u0131k olmas\u0131 nedeniyle vatanda\u015flar ad\u0131m atmakta zorland\u0131. Kaymakaml\u0131k binas\u0131n\u0131n \u00f6n\u00fcnde kurulan tezgahlar, Atat\u00fcrk Kordonu boyunca uzand\u0131. Tezgahlarda her t\u00fcrl\u00fc \u00fcr\u00fcn, e\u015fya sergilenirken, t\u00fcm tezgahlarda al\u0131\u015fveri\u015f i\u00e7in toplanm\u0131\u015f vatanda\u015flar kalabal\u0131k olu\u015fturdu. Yiyecek stantlar\u0131 da bu kalabal\u0131ktan pay\u0131n\u0131 al\u0131rken havan\u0131n \u0131l\u0131k olmas\u0131 nedeniyle baz\u0131 vatanda\u015flar da g\u00f6l kenar\u0131nda piknik yaparak g\u00fczel bir g\u00fcn ya\u015fad\u0131. \u00c7ocuk oyun parklar\u0131nda da yo\u011funluk ya\u015fan\u0131rken, ikinci el pazar\u0131nda al\u0131\u015fveri\u015fini tamamlayan vatanda\u015flar kordonda bulunan i\u015fletmelerde dinlendi.<br \/><\/p>\n","protected":false},"excerpt":{"rendered":"<p>Mu\u011fla\u2019n\u0131n K\u00f6yce\u011fiz il\u00e7esinde her ay\u0131n son Pazar g\u00fcn\u00fc kurulan ikinci el pazar\u0131na vatanda\u015flar yo\u011fun ilgi g\u00f6sterdi. Bir g\u00fcn \u00f6nce ve gece boyunca ya\u011fan ya\u011fmurlar\u0131n ard\u0131ndan g\u00fcne\u015fli bir havada kurulan ikinci el pazar\u0131na kat\u0131l\u0131m\u0131n kalabal\u0131k olmas\u0131 nedeniyle vatanda\u015flar ad\u0131m atmakta zorland\u0131. Kaymakaml\u0131k binas\u0131n\u0131n \u00f6n\u00fcnde kurulan tezgahlar, Atat\u00fcrk Kordonu boyunca uzand\u0131. Tezgahlarda her t\u00fcrl\u00fc \u00fcr\u00fcn, e\u015fya sergilenirken,&#8230;<\/p>\n","protected":false},"author":1,"featured_media":12623,"comment_status":"open","ping_status":"open","sticky":false,"template":"","format":"standard","meta":{"_crdt_document":"","footnotes":""},"categories":[1],"tags":[],"class_list":["post-12622","post","type-post","status-publish","format-standard","has-post-thumbnail","hentry","category-guncel"],"_links":{"self":[{"href":"https:\/\/www.egemtv.com\/index.php?rest_route=\/wp\/v2\/posts\/12622","targetHints":{"allow":["GET"]}}],"collection":[{"href":"https:\/\/www.egemtv.com\/index.php?rest_route=\/wp\/v2\/posts"}],"about":[{"href":"https:\/\/www.egemtv.com\/index.php?rest_route=\/wp\/v2\/types\/post"}],"author":[{"embeddable":true,"href":"https:\/\/www.egemtv.com\/index.php?rest_route=\/wp\/v2\/users\/1"}],"replies":[{"embeddable":true,"href":"https:\/\/www.egemtv.com\/index.php?rest_route=%2Fwp%2Fv2%2Fcomments&post=12622"}],"version-history":[{"count":1,"href":"https:\/\/www.egemtv.com\/index.php?rest_route=\/wp\/v2\/posts\/12622\/revisions"}],"predecessor-version":[{"id":12624,"href":"https:\/\/www.egemtv.com\/index.php?rest_route=\/wp\/v2\/posts\/12622\/revisions\/12624"}],"wp:featuredmedia":[{"embeddable":true,"href":"https:\/\/www.egemtv.com\/index.php?rest_route=\/wp\/v2\/media\/12623"}],"wp:attachment":[{"href":"https:\/\/www.egemtv.com\/index.php?rest_route=%2Fwp%2Fv2%2Fmedia&parent=12622"}],"wp:term":[{"taxonomy":"category","embeddable":true,"href":"https:\/\/www.egemtv.com\/index.php?rest_route=%2Fwp%2Fv2%2Fcategories&post=12622"},{"taxonomy":"post_tag","embeddable":true,"href":"https:\/\/www.egemtv.com\/index.php?rest_route=%2Fwp%2Fv2%2Ftags&post=12622"}],"curies":[{"name":"wp","href":"https:\/\/api.w.org\/{rel}","templated":true}]}}