{"id":12619,"date":"2025-01-26T19:18:48","date_gmt":"2025-01-26T16:18:48","guid":{"rendered":"https:\/\/www.egemtv.com\/?p=12619"},"modified":"2025-01-26T19:18:51","modified_gmt":"2025-01-26T16:18:51","slug":"kerem-yavas-guzel-surec-devam-ediyor","status":"publish","type":"post","link":"https:\/\/www.egemtv.com\/?p=12619","title":{"rendered":"Kerem Yava\u015f: &#8220;G\u00fczel s\u00fcre\u00e7 devam ediyor&#8221;"},"content":{"rendered":"<p>Ey\u00fcpspor Teknik Sorumlusu Kerem Yava\u015f, Bodrum FK kar\u015f\u0131s\u0131nda galip geldikleri i\u00e7in \u00e7ok mutlu oldu\u011funu dile getirerek, &#8220;Bizim i\u00e7in g\u00fczel bir s\u00fcre\u00e7 devam ediyor&#8221; dedi.<br \/>\n<br \/>Trendyol S\u00fcper Lig\u2019in 21. haftas\u0131nda Ey\u00fcpspor, deplasmanda kar\u015f\u0131la\u015ft\u0131\u011f\u0131 Bodrum FK\u2019y\u0131 1-0 yendi. Ma\u00e7\u0131n ard\u0131ndan d\u00fczenlenen bas\u0131n toplant\u0131s\u0131nda konu\u015fan Ey\u00fcpspor Teknik Sorumlusu Kerem Yava\u015f, &#8220;Ma\u00e7 \u00f6ncesi buraya geldi\u011fimizde ligin 5. s\u0131ras\u0131nda yer al\u0131yorduk. Bug\u00fcn kazanarak 4. s\u0131raya y\u00fckselebilece\u011fiz. Bu s\u00fcre\u00e7, bug\u00fcne kadar iyi giden s\u00fcrecin devam\u0131n\u0131 olu\u015fturuyor. Bodrum ile son 2 sezondur rekabet i\u00e7inde oldu\u011fumuzu ve birbirimizi geli\u015ftirdi\u011fimizi d\u00fc\u015f\u00fcn\u00fcyoruz. Her iki tak\u0131m da S\u00fcper Lig\u2019deki ilk deneyimlerini ya\u015f\u0131yor. Rekabetin \u00e7ok de\u011ferli oldu\u011funu d\u00fc\u015f\u00fcn\u00fcyoruz&#8221; diye konu\u015ftu.<br \/>\n<br \/>Sezon ba\u015f\u0131ndan bu yana ya\u015fad\u0131klar\u0131 sakatl\u0131klara de\u011finen Yava\u015f, &#8220;Transfer d\u00f6nemi ba\u015flad\u0131. Kalibremizdeki oyuncular, b\u00fcy\u00fck kul\u00fcplerin dikkatini \u00e7ekti. Ahmet Kutucu, Galatasaray ile, Bruno da I\u011fd\u0131rspor ile anla\u015ft\u0131. Samu Siaz ise transfer s\u00fcrecinde aram\u0131zdan ayr\u0131ld\u0131&#8221; \u015feklinde konu\u015ftu. Kerem Yava\u015f, Thiam\u2019\u0131n sar\u0131 kart cezas\u0131 nedeniyle h\u00fccumda Emre Akbaba\u2019y\u0131 kulland\u0131klar\u0131n\u0131 ifade etti. Yava\u015f, &#8220;Ma\u00e7a iyi ba\u015flad\u0131k, gol\u00fc bulduktan sonra Bodrumspor reaksiyon g\u00f6sterdi. Ancak oyun kontrol\u00fc hep bizdeydi. \u0130kinci yar\u0131da h\u00fccumda memnun de\u011fildik ama savunmam\u0131zda iyiydik. Ekonomik oynayarak ma\u00e7\u0131 kazand\u0131k&#8221; diyerek s\u00f6zlerini tamamlad\u0131.<br \/><\/p>\n","protected":false},"excerpt":{"rendered":"<p>Ey\u00fcpspor Teknik Sorumlusu Kerem Yava\u015f, Bodrum FK kar\u015f\u0131s\u0131nda galip geldikleri i\u00e7in \u00e7ok mutlu oldu\u011funu dile getirerek, &#8220;Bizim i\u00e7in g\u00fczel bir s\u00fcre\u00e7 devam ediyor&#8221; dedi. Trendyol S\u00fcper Lig\u2019in 21. haftas\u0131nda Ey\u00fcpspor, deplasmanda kar\u015f\u0131la\u015ft\u0131\u011f\u0131 Bodrum FK\u2019y\u0131 1-0 yendi. Ma\u00e7\u0131n ard\u0131ndan d\u00fczenlenen bas\u0131n toplant\u0131s\u0131nda konu\u015fan Ey\u00fcpspor Teknik Sorumlusu Kerem Yava\u015f, &#8220;Ma\u00e7 \u00f6ncesi buraya geldi\u011fimizde ligin 5. s\u0131ras\u0131nda yer&#8230;<\/p>\n","protected":false},"author":1,"featured_media":12620,"comment_status":"open","ping_status":"open","sticky":false,"template":"","format":"standard","meta":{"_crdt_document":"","footnotes":""},"categories":[4],"tags":[],"class_list":["post-12619","post","type-post","status-publish","format-standard","has-post-thumbnail","hentry","category-spor"],"_links":{"self":[{"href":"https:\/\/www.egemtv.com\/index.php?rest_route=\/wp\/v2\/posts\/12619","targetHints":{"allow":["GET"]}}],"collection":[{"href":"https:\/\/www.egemtv.com\/index.php?rest_route=\/wp\/v2\/posts"}],"about":[{"href":"https:\/\/www.egemtv.com\/index.php?rest_route=\/wp\/v2\/types\/post"}],"author":[{"embeddable":true,"href":"https:\/\/www.egemtv.com\/index.php?rest_route=\/wp\/v2\/users\/1"}],"replies":[{"embeddable":true,"href":"https:\/\/www.egemtv.com\/index.php?rest_route=%2Fwp%2Fv2%2Fcomments&post=12619"}],"version-history":[{"count":1,"href":"https:\/\/www.egemtv.com\/index.php?rest_route=\/wp\/v2\/posts\/12619\/revisions"}],"predecessor-version":[{"id":12621,"href":"https:\/\/www.egemtv.com\/index.php?rest_route=\/wp\/v2\/posts\/12619\/revisions\/12621"}],"wp:featuredmedia":[{"embeddable":true,"href":"https:\/\/www.egemtv.com\/index.php?rest_route=\/wp\/v2\/media\/12620"}],"wp:attachment":[{"href":"https:\/\/www.egemtv.com\/index.php?rest_route=%2Fwp%2Fv2%2Fmedia&parent=12619"}],"wp:term":[{"taxonomy":"category","embeddable":true,"href":"https:\/\/www.egemtv.com\/index.php?rest_route=%2Fwp%2Fv2%2Fcategories&post=12619"},{"taxonomy":"post_tag","embeddable":true,"href":"https:\/\/www.egemtv.com\/index.php?rest_route=%2Fwp%2Fv2%2Ftags&post=12619"}],"curies":[{"name":"wp","href":"https:\/\/api.w.org\/{rel}","templated":true}]}}