{"id":12616,"date":"2025-01-26T19:04:04","date_gmt":"2025-01-26T16:04:04","guid":{"rendered":"https:\/\/www.egemtv.com\/?p=12616"},"modified":"2025-01-26T19:04:07","modified_gmt":"2025-01-26T16:04:07","slug":"jandarma-otoyolda-durdurdugu-cop-kamyonunda-15-kilo-uyusturucu-ele-gecirdi","status":"publish","type":"post","link":"https:\/\/www.egemtv.com\/?p=12616","title":{"rendered":"Jandarma otoyolda durdurdu\u011fu \u00e7\u00f6p kamyonunda 1,5 kilo uyu\u015fturucu ele ge\u00e7irdi"},"content":{"rendered":"<p>\u0130zmir\u2019in Urla il\u00e7esinde jandarma ekipleri, bir kamyonda \u00e7\u00f6plerin\u00a0aras\u0131na gizlenmi\u015f 1,5 kilogram uyu\u015fturucu ele ge\u00e7irdi.<br \/>\n<br \/>Edinilen bilgiye g\u00f6re, \u0130zmir-\u00c7e\u015fme Otoyolu\u2019nun Urla il\u00e7esi Yenice mevkiinde g\u00f6rev yapan jandarma ekipleri, \u00f6nceki gece gelen ihbar \u00fczerine yolda seyir eden bir kamyonu durdurdu. Ekipler, kamyonun kasas\u0131nda \u00e7\u00f6pler aras\u0131na\u00a0gizlenmi\u015f 1,5 kilogram uyu\u015fturucu madde ele ge\u00e7irdi. Ekipler, N.A. adl\u0131 zanl\u0131y\u0131 g\u00f6zalt\u0131na alarak, Yenice Jandarma Karakolu\u2019na g\u00f6t\u00fcrd\u00fc. Yap\u0131lan i\u015flemlerinin ard\u0131ndan adliyeye sevk\u00a0edilen\u00a0N.A., tutuklanarak\u00a0cezaevine sevk edildi.<br \/><\/p>\n","protected":false},"excerpt":{"rendered":"<p>\u0130zmir\u2019in Urla il\u00e7esinde jandarma ekipleri, bir kamyonda \u00e7\u00f6plerin\u00a0aras\u0131na gizlenmi\u015f 1,5 kilogram uyu\u015fturucu ele ge\u00e7irdi. Edinilen bilgiye g\u00f6re, \u0130zmir-\u00c7e\u015fme Otoyolu\u2019nun Urla il\u00e7esi Yenice mevkiinde g\u00f6rev yapan jandarma ekipleri, \u00f6nceki gece gelen ihbar \u00fczerine yolda seyir eden bir kamyonu durdurdu. Ekipler, kamyonun kasas\u0131nda \u00e7\u00f6pler aras\u0131na\u00a0gizlenmi\u015f 1,5 kilogram uyu\u015fturucu madde ele ge\u00e7irdi. Ekipler, N.A. adl\u0131 zanl\u0131y\u0131 g\u00f6zalt\u0131na alarak,&#8230;<\/p>\n","protected":false},"author":1,"featured_media":12617,"comment_status":"open","ping_status":"open","sticky":false,"template":"","format":"standard","meta":{"_crdt_document":"","footnotes":""},"categories":[5],"tags":[],"class_list":["post-12616","post","type-post","status-publish","format-standard","has-post-thumbnail","hentry","category-asayis"],"_links":{"self":[{"href":"https:\/\/www.egemtv.com\/index.php?rest_route=\/wp\/v2\/posts\/12616","targetHints":{"allow":["GET"]}}],"collection":[{"href":"https:\/\/www.egemtv.com\/index.php?rest_route=\/wp\/v2\/posts"}],"about":[{"href":"https:\/\/www.egemtv.com\/index.php?rest_route=\/wp\/v2\/types\/post"}],"author":[{"embeddable":true,"href":"https:\/\/www.egemtv.com\/index.php?rest_route=\/wp\/v2\/users\/1"}],"replies":[{"embeddable":true,"href":"https:\/\/www.egemtv.com\/index.php?rest_route=%2Fwp%2Fv2%2Fcomments&post=12616"}],"version-history":[{"count":1,"href":"https:\/\/www.egemtv.com\/index.php?rest_route=\/wp\/v2\/posts\/12616\/revisions"}],"predecessor-version":[{"id":12618,"href":"https:\/\/www.egemtv.com\/index.php?rest_route=\/wp\/v2\/posts\/12616\/revisions\/12618"}],"wp:featuredmedia":[{"embeddable":true,"href":"https:\/\/www.egemtv.com\/index.php?rest_route=\/wp\/v2\/media\/12617"}],"wp:attachment":[{"href":"https:\/\/www.egemtv.com\/index.php?rest_route=%2Fwp%2Fv2%2Fmedia&parent=12616"}],"wp:term":[{"taxonomy":"category","embeddable":true,"href":"https:\/\/www.egemtv.com\/index.php?rest_route=%2Fwp%2Fv2%2Fcategories&post=12616"},{"taxonomy":"post_tag","embeddable":true,"href":"https:\/\/www.egemtv.com\/index.php?rest_route=%2Fwp%2Fv2%2Ftags&post=12616"}],"curies":[{"name":"wp","href":"https:\/\/api.w.org\/{rel}","templated":true}]}}