{"id":12613,"date":"2025-01-26T18:58:07","date_gmt":"2025-01-26T15:58:07","guid":{"rendered":"https:\/\/www.egemtv.com\/?p=12613"},"modified":"2025-01-26T18:58:09","modified_gmt":"2025-01-26T15:58:09","slug":"manisada-meyve-agaclari-kis-ortasinda-cicek-acti","status":"publish","type":"post","link":"https:\/\/www.egemtv.com\/?p=12613","title":{"rendered":"Manisa\u2019da meyve a\u011fa\u00e7lar\u0131 k\u0131\u015f ortas\u0131nda \u00e7i\u00e7ek a\u00e7t\u0131"},"content":{"rendered":"<p>Manisa\u2019n\u0131n Sar\u0131g\u00f6l il\u00e7esinde meyve a\u011fa\u00e7lar\u0131n\u0131n \u00e7i\u00e7ek a\u00e7mas\u0131 \u00e7ift\u00e7ileri tedirgin etti.<br \/>\n<br \/>Sar\u0131g\u00f6l il\u00e7esinde k\u0131\u015f mevsiminin s\u0131cak ge\u00e7mesi nedeniyle badem, kay\u0131s\u0131 ve erik a\u011fa\u00e7lar\u0131 erken \u00e7i\u00e7ek a\u00e7arken, baz\u0131 \u00fcz\u00fcm ba\u011flar\u0131 da tomurcukland\u0131. \u00c7ift\u00e7iler, \u00f6n\u00fcm\u00fczdeki haftalarda ya\u015fanabilecek don olaylar\u0131nda erken \u00e7i\u00e7ek a\u00e7an a\u011fa\u00e7lar\u0131n zarar g\u00f6rmesinden endi\u015fe duyduklar\u0131n\u0131 dile getirdi.<br \/>\n<br \/>Sar\u0131g\u00f6l Ziraat Odas\u0131 Ba\u015fkan\u0131 Ali \u0130hsan \u00dclgen, \u0131l\u0131man ge\u00e7en k\u0131\u015f aylar\u0131n\u0131n meyve a\u011fa\u00e7lar\u0131n\u0131 ve ba\u011flar\u0131 erken uyand\u0131rd\u0131\u011f\u0131n\u0131 belirterek, &#8220;Bu y\u0131l ya\u011f\u0131\u015flar g\u00fczel oldu, ancak olduk\u00e7a \u0131l\u0131k bir k\u0131\u015f ge\u00e7iriyoruz. Bu nedenle meyve a\u011fa\u00e7lar\u0131 normalden erken \u00e7i\u00e7ek a\u00e7maya ba\u015flad\u0131. Ba\u011flarda da erken uyanma s\u00f6z konusu. Bu bizim i\u00e7in iyi bir durum de\u011fil. \u015eubat ve mart aylar\u0131nda b\u00f6lgemizde genellikle \u015fiddetli don olaylar\u0131 ya\u015fan\u0131r. E\u011fer bu d\u00f6nemde hava s\u0131cakl\u0131klar\u0131 aniden d\u00fc\u015ferse, \u015fu an \u00e7i\u00e7eklenmi\u015f olan a\u011fa\u00e7lar ve ba\u011flar ciddi zarar g\u00f6rebilir. Bu nedenle b\u00fcy\u00fck bir endi\u015fe i\u00e7erisindeyiz&#8221; dedi.<br \/><\/p>\n","protected":false},"excerpt":{"rendered":"<p>Manisa\u2019n\u0131n Sar\u0131g\u00f6l il\u00e7esinde meyve a\u011fa\u00e7lar\u0131n\u0131n \u00e7i\u00e7ek a\u00e7mas\u0131 \u00e7ift\u00e7ileri tedirgin etti. Sar\u0131g\u00f6l il\u00e7esinde k\u0131\u015f mevsiminin s\u0131cak ge\u00e7mesi nedeniyle badem, kay\u0131s\u0131 ve erik a\u011fa\u00e7lar\u0131 erken \u00e7i\u00e7ek a\u00e7arken, baz\u0131 \u00fcz\u00fcm ba\u011flar\u0131 da tomurcukland\u0131. \u00c7ift\u00e7iler, \u00f6n\u00fcm\u00fczdeki haftalarda ya\u015fanabilecek don olaylar\u0131nda erken \u00e7i\u00e7ek a\u00e7an a\u011fa\u00e7lar\u0131n zarar g\u00f6rmesinden endi\u015fe duyduklar\u0131n\u0131 dile getirdi. Sar\u0131g\u00f6l Ziraat Odas\u0131 Ba\u015fkan\u0131 Ali \u0130hsan \u00dclgen, \u0131l\u0131man ge\u00e7en&#8230;<\/p>\n","protected":false},"author":1,"featured_media":12614,"comment_status":"open","ping_status":"open","sticky":false,"template":"","format":"standard","meta":{"_crdt_document":"","footnotes":""},"categories":[1],"tags":[],"class_list":["post-12613","post","type-post","status-publish","format-standard","has-post-thumbnail","hentry","category-guncel"],"_links":{"self":[{"href":"https:\/\/www.egemtv.com\/index.php?rest_route=\/wp\/v2\/posts\/12613","targetHints":{"allow":["GET"]}}],"collection":[{"href":"https:\/\/www.egemtv.com\/index.php?rest_route=\/wp\/v2\/posts"}],"about":[{"href":"https:\/\/www.egemtv.com\/index.php?rest_route=\/wp\/v2\/types\/post"}],"author":[{"embeddable":true,"href":"https:\/\/www.egemtv.com\/index.php?rest_route=\/wp\/v2\/users\/1"}],"replies":[{"embeddable":true,"href":"https:\/\/www.egemtv.com\/index.php?rest_route=%2Fwp%2Fv2%2Fcomments&post=12613"}],"version-history":[{"count":1,"href":"https:\/\/www.egemtv.com\/index.php?rest_route=\/wp\/v2\/posts\/12613\/revisions"}],"predecessor-version":[{"id":12615,"href":"https:\/\/www.egemtv.com\/index.php?rest_route=\/wp\/v2\/posts\/12613\/revisions\/12615"}],"wp:featuredmedia":[{"embeddable":true,"href":"https:\/\/www.egemtv.com\/index.php?rest_route=\/wp\/v2\/media\/12614"}],"wp:attachment":[{"href":"https:\/\/www.egemtv.com\/index.php?rest_route=%2Fwp%2Fv2%2Fmedia&parent=12613"}],"wp:term":[{"taxonomy":"category","embeddable":true,"href":"https:\/\/www.egemtv.com\/index.php?rest_route=%2Fwp%2Fv2%2Fcategories&post=12613"},{"taxonomy":"post_tag","embeddable":true,"href":"https:\/\/www.egemtv.com\/index.php?rest_route=%2Fwp%2Fv2%2Ftags&post=12613"}],"curies":[{"name":"wp","href":"https:\/\/api.w.org\/{rel}","templated":true}]}}