{"id":12604,"date":"2025-01-26T18:29:50","date_gmt":"2025-01-26T15:29:50","guid":{"rendered":"https:\/\/www.egemtv.com\/?p=12604"},"modified":"2025-01-26T18:29:52","modified_gmt":"2025-01-26T15:29:52","slug":"tff-3-lig-efeler-09-sk0-pazarspor-1","status":"publish","type":"post","link":"https:\/\/www.egemtv.com\/?p=12604","title":{"rendered":"TFF 3. Lig: Efeler 09 SK:0 &#8211; Pazarspor: 1"},"content":{"rendered":"<p>TFF 3. Lig 3. Grup ma\u00e7\u0131nda On Numara Sportif Efeler 09 SFK, evinde a\u011f\u0131rlad\u0131\u011f\u0131 Pazarspor\u2019a 0-1 ma\u011flup oldu. Ye\u015fil beyazl\u0131lar bu sonu\u00e7la sezonun ikinci devresinin ilk iki ma\u00e7\u0131nda puan alamad\u0131.<\/p>\n<p>TFF 3. Lig 3. Grup kar\u015f\u0131la\u015fmas\u0131nda Ayd\u0131n temsilcisi On Numara Sportif Efeler 09 SFK evinde Pazarspor\u2019u konuk etti. Didim Atat\u00fcrk Stad\u0131\u2019nda oynanan kar\u015f\u0131la\u015fmay\u0131 iki kul\u00fcp y\u00f6neticileri birlikte izlerken, az say\u0131da taraftar ma\u00e7\u0131 takip etti. Ma\u00e7\u0131n ilk yar\u0131s\u0131 gols\u00fcz sona erdi. Ma\u00e7\u0131n ikinci yar\u0131s\u0131n\u0131n hemen ba\u015f\u0131nda 47. dakikada ge\u00e7ilen Pazarspor ata\u011f\u0131nda Onur tak\u0131m\u0131n\u0131 0-1 \u00f6ne ge\u00e7irdi. Ma\u00e7ta her iki ekip eline ge\u00e7en f\u0131rsatlar de\u011ferlendirmeyince konuk ekip evine 3 puanla d\u00f6nd\u00fc.<\/p>\n<p>Efeler 09 SFK: Kemal Mert, Mustafa, G\u00f6kberk (Dk. 84 Arif Asaf), Serhat (Dk. 73 Enes), Burak, Hasan Berat, Enis (Dk. 63 Mustafa), Sabutay, Yi\u011fithan, Abdullah, Hakan Can<\/p>\n<p>Pazarspor: Salih, Bekir, Furkan (Dk. 78 Berkhan), Aras, Erhan, Hac\u0131 \u015e\u00fckr\u00fc (Dk. 88 Esat), G\u00f6ktu\u011f, Ali Alperen, Onur (Dk. 75 Yavuz), Emre, Mustafa (Dk. 88 Emirhan)<\/p>\n<p>Sar\u0131 Kart: Enes, Hakan Can, G\u00f6kberk, Abdullah (Efeler09 SK), Aras, Salih (Pazarspor)<br \/>\n<br \/>Gol: Dk. 47 Onur (Pazarspor)<br \/><\/p>\n","protected":false},"excerpt":{"rendered":"<p>TFF 3. Lig 3. Grup ma\u00e7\u0131nda On Numara Sportif Efeler 09 SFK, evinde a\u011f\u0131rlad\u0131\u011f\u0131 Pazarspor\u2019a 0-1 ma\u011flup oldu. Ye\u015fil beyazl\u0131lar bu sonu\u00e7la sezonun ikinci devresinin ilk iki ma\u00e7\u0131nda puan alamad\u0131. TFF 3. Lig 3. Grup kar\u015f\u0131la\u015fmas\u0131nda Ayd\u0131n temsilcisi On Numara Sportif Efeler 09 SFK evinde Pazarspor\u2019u konuk etti. Didim Atat\u00fcrk Stad\u0131\u2019nda oynanan kar\u015f\u0131la\u015fmay\u0131 iki kul\u00fcp&#8230;<\/p>\n","protected":false},"author":1,"featured_media":12605,"comment_status":"open","ping_status":"open","sticky":false,"template":"","format":"standard","meta":{"_crdt_document":"","footnotes":""},"categories":[4],"tags":[],"class_list":["post-12604","post","type-post","status-publish","format-standard","has-post-thumbnail","hentry","category-spor"],"_links":{"self":[{"href":"https:\/\/www.egemtv.com\/index.php?rest_route=\/wp\/v2\/posts\/12604","targetHints":{"allow":["GET"]}}],"collection":[{"href":"https:\/\/www.egemtv.com\/index.php?rest_route=\/wp\/v2\/posts"}],"about":[{"href":"https:\/\/www.egemtv.com\/index.php?rest_route=\/wp\/v2\/types\/post"}],"author":[{"embeddable":true,"href":"https:\/\/www.egemtv.com\/index.php?rest_route=\/wp\/v2\/users\/1"}],"replies":[{"embeddable":true,"href":"https:\/\/www.egemtv.com\/index.php?rest_route=%2Fwp%2Fv2%2Fcomments&post=12604"}],"version-history":[{"count":1,"href":"https:\/\/www.egemtv.com\/index.php?rest_route=\/wp\/v2\/posts\/12604\/revisions"}],"predecessor-version":[{"id":12606,"href":"https:\/\/www.egemtv.com\/index.php?rest_route=\/wp\/v2\/posts\/12604\/revisions\/12606"}],"wp:featuredmedia":[{"embeddable":true,"href":"https:\/\/www.egemtv.com\/index.php?rest_route=\/wp\/v2\/media\/12605"}],"wp:attachment":[{"href":"https:\/\/www.egemtv.com\/index.php?rest_route=%2Fwp%2Fv2%2Fmedia&parent=12604"}],"wp:term":[{"taxonomy":"category","embeddable":true,"href":"https:\/\/www.egemtv.com\/index.php?rest_route=%2Fwp%2Fv2%2Fcategories&post=12604"},{"taxonomy":"post_tag","embeddable":true,"href":"https:\/\/www.egemtv.com\/index.php?rest_route=%2Fwp%2Fv2%2Ftags&post=12604"}],"curies":[{"name":"wp","href":"https:\/\/api.w.org\/{rel}","templated":true}]}}