{"id":12598,"date":"2025-01-26T18:01:04","date_gmt":"2025-01-26T15:01:04","guid":{"rendered":"https:\/\/www.egemtv.com\/?p=12598"},"modified":"2025-01-26T18:01:06","modified_gmt":"2025-01-26T15:01:06","slug":"sehzadelerin-kizlarindan-ezici-galibiyet","status":"publish","type":"post","link":"https:\/\/www.egemtv.com\/?p=12598","title":{"rendered":"\u015eehzadeler\u2019in k\u0131zlar\u0131ndan ezici galibiyet"},"content":{"rendered":"<p>\u015eehzadeler Belediye Spor Kul\u00fcb\u00fc Midi K\u0131zlar Voleybol Tak\u0131m\u0131, Blok Spor Tak\u0131m\u0131\u2019n\u0131 3-0\u2019l\u0131k skorla ma\u011flup ederek il birincili\u011fi yolunda \u00f6nemli bir galibiyet elde etti. \u015eehzadeler Belediye Ba\u015fkan\u0131 G\u00fcl\u015fah Durbay sporcular\u0131 ve teknik ekibi tebrik etti.<br \/>\n<br \/>\u015eehzadeler Belediye Spor Kul\u00fcb\u00fc Midi K\u0131zlar Voleybol Tak\u0131m\u0131, Atat\u00fcrk Spor Salonu\u2019nda d\u00fczenlenen Midi K\u0131zlar \u0130l Birincili\u011fi m\u00fcsabakalar\u0131nda g\u00f6sterdi\u011fi \u00fcst\u00fcn performansla g\u00f6z doldurdu. Midi K\u0131zlar Voleybol Tak\u0131m\u0131, Blok Spor Tak\u0131m\u0131 kar\u015f\u0131s\u0131nda sergiledi\u011fi etkili oyunuyla sahadan 3-0\u2019l\u0131k net bir galibiyetle ayr\u0131lmay\u0131 ba\u015fard\u0131. Ma\u00e7 boyunca etkili servisler, g\u00fc\u00e7l\u00fc bloklar ve organize h\u00fccumlarla rakibine \u00fcst\u00fcnl\u00fck kuran \u015eehzadeler Belediye Spor Kul\u00fcb\u00fc Midi K\u0131zlar Voleybol Tak\u0131m\u0131, t\u00fcm setlerde oyunun kontrol\u00fcn\u00fc elinde tutarak izleyicilerden tam not ald\u0131. \u015eehzadeler Belediye Ba\u015fkan\u0131 G\u00fcl\u015fah Durbay, al\u0131nan bu \u00f6nemli galibiyetin ard\u0131ndan tak\u0131m\u0131 tebrik ederek &#8220;\u015eehzadeler Belediye Spor Kul\u00fcb\u00fc Midi K\u0131zlar Voleybol Tak\u0131m\u0131m\u0131z\u0131 y\u00fcrekten kutluyorum. Sporcular\u0131m\u0131z\u0131n g\u00f6sterdi\u011fi azim ve ba\u015far\u0131 hepimizi gururland\u0131rd\u0131. Bu galibiyet, gen\u00e7lerimizin spora olan ba\u011fl\u0131l\u0131\u011f\u0131n\u0131 ve belediyemizin spor alan\u0131ndaki desteklerinin ne kadar \u00f6nemli oldu\u011funu bir kez daha kan\u0131tlad\u0131. Tak\u0131m\u0131m\u0131za ba\u015far\u0131lar diliyor, eme\u011fi ge\u00e7en teknik ekibi ve aileleri de tebrik ediyorum&#8221; dedi.<br \/><\/p>\n","protected":false},"excerpt":{"rendered":"<p>\u015eehzadeler Belediye Spor Kul\u00fcb\u00fc Midi K\u0131zlar Voleybol Tak\u0131m\u0131, Blok Spor Tak\u0131m\u0131\u2019n\u0131 3-0\u2019l\u0131k skorla ma\u011flup ederek il birincili\u011fi yolunda \u00f6nemli bir galibiyet elde etti. \u015eehzadeler Belediye Ba\u015fkan\u0131 G\u00fcl\u015fah Durbay sporcular\u0131 ve teknik ekibi tebrik etti. \u015eehzadeler Belediye Spor Kul\u00fcb\u00fc Midi K\u0131zlar Voleybol Tak\u0131m\u0131, Atat\u00fcrk Spor Salonu\u2019nda d\u00fczenlenen Midi K\u0131zlar \u0130l Birincili\u011fi m\u00fcsabakalar\u0131nda g\u00f6sterdi\u011fi \u00fcst\u00fcn performansla g\u00f6z&#8230;<\/p>\n","protected":false},"author":1,"featured_media":12599,"comment_status":"open","ping_status":"open","sticky":false,"template":"","format":"standard","meta":{"_crdt_document":"","footnotes":""},"categories":[4],"tags":[],"class_list":["post-12598","post","type-post","status-publish","format-standard","has-post-thumbnail","hentry","category-spor"],"_links":{"self":[{"href":"https:\/\/www.egemtv.com\/index.php?rest_route=\/wp\/v2\/posts\/12598","targetHints":{"allow":["GET"]}}],"collection":[{"href":"https:\/\/www.egemtv.com\/index.php?rest_route=\/wp\/v2\/posts"}],"about":[{"href":"https:\/\/www.egemtv.com\/index.php?rest_route=\/wp\/v2\/types\/post"}],"author":[{"embeddable":true,"href":"https:\/\/www.egemtv.com\/index.php?rest_route=\/wp\/v2\/users\/1"}],"replies":[{"embeddable":true,"href":"https:\/\/www.egemtv.com\/index.php?rest_route=%2Fwp%2Fv2%2Fcomments&post=12598"}],"version-history":[{"count":1,"href":"https:\/\/www.egemtv.com\/index.php?rest_route=\/wp\/v2\/posts\/12598\/revisions"}],"predecessor-version":[{"id":12600,"href":"https:\/\/www.egemtv.com\/index.php?rest_route=\/wp\/v2\/posts\/12598\/revisions\/12600"}],"wp:featuredmedia":[{"embeddable":true,"href":"https:\/\/www.egemtv.com\/index.php?rest_route=\/wp\/v2\/media\/12599"}],"wp:attachment":[{"href":"https:\/\/www.egemtv.com\/index.php?rest_route=%2Fwp%2Fv2%2Fmedia&parent=12598"}],"wp:term":[{"taxonomy":"category","embeddable":true,"href":"https:\/\/www.egemtv.com\/index.php?rest_route=%2Fwp%2Fv2%2Fcategories&post=12598"},{"taxonomy":"post_tag","embeddable":true,"href":"https:\/\/www.egemtv.com\/index.php?rest_route=%2Fwp%2Fv2%2Ftags&post=12598"}],"curies":[{"name":"wp","href":"https:\/\/api.w.org\/{rel}","templated":true}]}}