{"id":12589,"date":"2025-01-26T17:18:55","date_gmt":"2025-01-26T14:18:55","guid":{"rendered":"https:\/\/www.egemtv.com\/?p=12589"},"modified":"2025-01-26T17:18:57","modified_gmt":"2025-01-26T14:18:57","slug":"ugur-mumcunun-hatiralari-denizlide-anildi","status":"publish","type":"post","link":"https:\/\/www.egemtv.com\/?p=12589","title":{"rendered":"U\u011fur Mumcu\u2019nun hat\u0131ralar\u0131 Denizli\u2019de an\u0131ld\u0131"},"content":{"rendered":"<p>Gazeteci yazar U\u011fur Mumcu, vefat\u0131n\u0131n 32. Y\u0131l d\u00f6n\u00fcm\u00fcnde Denizli B\u00fcy\u00fck\u015fehir Belediyesi taraf\u0131ndan haz\u0131rlanan bir program ile an\u0131ld\u0131. Duygu dolu anlar\u0131n ya\u015fand\u0131\u011f\u0131 programa ilgi yo\u011fun oldu.<br \/>\n<br \/>Denizli B\u00fcy\u00fck\u015fehir Belediyesi taraf\u0131ndan d\u00fczenlenen U\u011fur Mumcu Anma Gecesi, Nihat Zeybekci Kongre ve K\u00fclt\u00fcr Merkezi Mehmet Gazi Salonu\u2019nda yo\u011fun bir kat\u0131l\u0131mla ger\u00e7ekle\u015ftirildi. Programa Denizli B\u00fcy\u00fck\u015fehir Belediye Ba\u015fkan\u0131 B\u00fclent Nuri \u00c7avu\u015fo\u011flu, Ba\u015fkanvekili Ali Mar\u0131m, davetliler ve \u00e7ok say\u0131da vatanda\u015f kat\u0131ld\u0131. Nebil \u00d6zgent\u00fcrk\u2019\u00fcn konu\u015fmac\u0131 olarak yer ald\u0131\u011f\u0131 gece, &#8220;Bir Keskin ve \u00d6l\u00fcms\u00fcz Kalem, U\u011fur Mumcu\u2019yu An\u0131yoruz&#8221; ba\u015fl\u0131kl\u0131 belgesel g\u00f6sterimi ile ba\u015flad\u0131. Belgeselde, U\u011fur Mumcu\u2019nun ya\u015fam\u0131, gazetecilik kariyeri ve demokrasi m\u00fccadelesine dair \u00f6nemli kesitler izleyicilerle bulu\u015fturuldu. Duygu dolu anlar\u0131n ya\u015fand\u0131\u011f\u0131 programda U\u011fur Mumcu\u2019ya ithaf edilen \u015fark\u0131lar seslendirildi.<\/p>\n<p>\u201cB\u0131rakal\u0131m bu \u015fehirde, bu \u00fclkede b\u00fct\u00fcn fikirler ya\u015fas\u0131n\u201d<br \/>\n<br \/>Program\u0131n a\u00e7\u0131l\u0131\u015f konu\u015fmalar\u0131n\u0131 ger\u00e7ekle\u015ftiren B\u00fclent Nuri \u00c7avu\u015fo\u011flu, U\u011fur Mumcu\u2019nun bir s\u00f6z\u00fcnden iktibas yaparak i\u00e7inde k\u00f6t\u00fcl\u00fck i\u00e7ermeyen her fikrin ya\u015famas\u0131 gerekti\u011fini vurgulad\u0131. Ba\u015fkan \u00c7avu\u015fo\u011flu konu\u015fmas\u0131n\u0131n devam\u0131nda, \u201cU\u011fur Mumcu\u2019nun bir konu\u015fmas\u0131nda, \u201cBizden ba\u015fkalar\u0131n\u0131n da fikirlerine sayg\u0131 g\u00f6stermez ya da onlar\u0131n ya\u015fam alanlar\u0131n\u0131 tan\u0131mam\u0131\u015f olursak bizler de birer fa\u015fistiz\u201d c\u00fcmlesini ifade etmi\u015fti. Ger\u00e7ekten belki de hayat\u0131m\u0131z\u0131n en b\u00fcy\u00fck d\u00fcsturlar\u0131ndan birinin de bu olmas\u0131 gerekti\u011fini d\u00fc\u015f\u00fcn\u00fcyorum. Bir fikrin i\u00e7erisinde \u015fiddet yoksa o fikrin i\u00e7erisinde bir ba\u015fkas\u0131na zulmetmek yoksa b\u0131rakal\u0131m bu \u015fehirde, bu \u00fclkede b\u00fct\u00fcn fikirler ya\u015fas\u0131n. Kendi fikrimiz d\u0131\u015f\u0131ndakilerin fikirlerine sayg\u0131 g\u00f6stermeyi ba\u015farabildi\u011finizde, hayata bizim gibi bakmayan insanlara da bu \u015fehirde ya\u015fam hakk\u0131 verebildi\u011finiz zaman U\u011fur Mumcu\u2019nun bizden istemi\u015f oldu\u011fu vatanda\u015fl\u0131k g\u00f6revini yerine getirmi\u015f olaca\u011f\u0131m\u0131z\u0131 d\u00fc\u015f\u00fcn\u00fcyorum\u201d ifadelerini kulland\u0131. Ba\u015fkan \u00c7avu\u015fo\u011flu program\u0131n sonunda konu\u015fmac\u0131 olarak kat\u0131lan Nebil \u00d6zgent\u00fcrk\u2019e ve seslendirdikleri \u015fark\u0131larla duygu dolu anlar ya\u015fatan Kemal Kocamano\u011flu ve Hakan Eyiden\u2019e plaketlerini takdim etti.<br \/><\/p>\n","protected":false},"excerpt":{"rendered":"<p>Gazeteci yazar U\u011fur Mumcu, vefat\u0131n\u0131n 32. Y\u0131l d\u00f6n\u00fcm\u00fcnde Denizli B\u00fcy\u00fck\u015fehir Belediyesi taraf\u0131ndan haz\u0131rlanan bir program ile an\u0131ld\u0131. Duygu dolu anlar\u0131n ya\u015fand\u0131\u011f\u0131 programa ilgi yo\u011fun oldu. Denizli B\u00fcy\u00fck\u015fehir Belediyesi taraf\u0131ndan d\u00fczenlenen U\u011fur Mumcu Anma Gecesi, Nihat Zeybekci Kongre ve K\u00fclt\u00fcr Merkezi Mehmet Gazi Salonu\u2019nda yo\u011fun bir kat\u0131l\u0131mla ger\u00e7ekle\u015ftirildi. Programa Denizli B\u00fcy\u00fck\u015fehir Belediye Ba\u015fkan\u0131 B\u00fclent Nuri \u00c7avu\u015fo\u011flu,&#8230;<\/p>\n","protected":false},"author":1,"featured_media":12590,"comment_status":"open","ping_status":"open","sticky":false,"template":"","format":"standard","meta":{"_crdt_document":"","footnotes":""},"categories":[1],"tags":[],"class_list":["post-12589","post","type-post","status-publish","format-standard","has-post-thumbnail","hentry","category-guncel"],"_links":{"self":[{"href":"https:\/\/www.egemtv.com\/index.php?rest_route=\/wp\/v2\/posts\/12589","targetHints":{"allow":["GET"]}}],"collection":[{"href":"https:\/\/www.egemtv.com\/index.php?rest_route=\/wp\/v2\/posts"}],"about":[{"href":"https:\/\/www.egemtv.com\/index.php?rest_route=\/wp\/v2\/types\/post"}],"author":[{"embeddable":true,"href":"https:\/\/www.egemtv.com\/index.php?rest_route=\/wp\/v2\/users\/1"}],"replies":[{"embeddable":true,"href":"https:\/\/www.egemtv.com\/index.php?rest_route=%2Fwp%2Fv2%2Fcomments&post=12589"}],"version-history":[{"count":1,"href":"https:\/\/www.egemtv.com\/index.php?rest_route=\/wp\/v2\/posts\/12589\/revisions"}],"predecessor-version":[{"id":12591,"href":"https:\/\/www.egemtv.com\/index.php?rest_route=\/wp\/v2\/posts\/12589\/revisions\/12591"}],"wp:featuredmedia":[{"embeddable":true,"href":"https:\/\/www.egemtv.com\/index.php?rest_route=\/wp\/v2\/media\/12590"}],"wp:attachment":[{"href":"https:\/\/www.egemtv.com\/index.php?rest_route=%2Fwp%2Fv2%2Fmedia&parent=12589"}],"wp:term":[{"taxonomy":"category","embeddable":true,"href":"https:\/\/www.egemtv.com\/index.php?rest_route=%2Fwp%2Fv2%2Fcategories&post=12589"},{"taxonomy":"post_tag","embeddable":true,"href":"https:\/\/www.egemtv.com\/index.php?rest_route=%2Fwp%2Fv2%2Ftags&post=12589"}],"curies":[{"name":"wp","href":"https:\/\/api.w.org\/{rel}","templated":true}]}}