{"id":12574,"date":"2025-01-26T16:01:38","date_gmt":"2025-01-26T13:01:38","guid":{"rendered":"https:\/\/www.egemtv.com\/?p=12574"},"modified":"2025-01-26T16:01:40","modified_gmt":"2025-01-26T13:01:40","slug":"baskan-cercioglundan-mirac-kandili-hayri","status":"publish","type":"post","link":"https:\/\/www.egemtv.com\/?p=12574","title":{"rendered":"Ba\u015fkan \u00c7er\u00e7io\u011flu\u2019ndan Mira\u00e7 Kandili hayr\u0131"},"content":{"rendered":"<p>Ayd\u0131n B\u00fcy\u00fck\u015fehir Belediyesi, Mira\u00e7 Kandili\u2019nde Ayd\u0131nl\u0131 vatanda\u015flara helva hayr\u0131nda bulundu.<\/p>\n<p>B\u00fcy\u00fck\u015fehir Belediyesi, her y\u0131l oldu\u011fu gibi bu y\u0131l da Mira\u00e7 Kandili\u2019nde vatanda\u015flara helva hayr\u0131nda bulundu. B\u00fcy\u00fck\u015fehir Belediyesi\u2019nin gelenekselle\u015fen helva hayr\u0131 Efeler ve S\u00f6ke il\u00e7elerinde binlerce vatanda\u015fa ula\u015ft\u0131r\u0131ld\u0131.<\/p>\n<p>Vatanda\u015flar\u0131n kandilini kutlayan Ayd\u0131n B\u00fcy\u00fck\u015fehir Belediye Ba\u015fkan\u0131 \u00d6zlem \u00c7er\u00e7io\u011flu, &#8220;Mira\u00e7 Kandili\u2019nin t\u00fcm insanl\u0131\u011fa sa\u011fl\u0131k, bar\u0131\u015f ve huzur getirmesi dile\u011fiyle. Mira\u00e7 Kandilimiz m\u00fcbarek olsun&#8221; dedi.<\/p>\n<p>Vatanda\u015flar, helva hayr\u0131 i\u00e7in Ba\u015fkan \u00c7er\u00e7io\u011flu\u2019na te\u015fekk\u00fcr etti.<br \/><\/p>\n","protected":false},"excerpt":{"rendered":"<p>Ayd\u0131n B\u00fcy\u00fck\u015fehir Belediyesi, Mira\u00e7 Kandili\u2019nde Ayd\u0131nl\u0131 vatanda\u015flara helva hayr\u0131nda bulundu. B\u00fcy\u00fck\u015fehir Belediyesi, her y\u0131l oldu\u011fu gibi bu y\u0131l da Mira\u00e7 Kandili\u2019nde vatanda\u015flara helva hayr\u0131nda bulundu. B\u00fcy\u00fck\u015fehir Belediyesi\u2019nin gelenekselle\u015fen helva hayr\u0131 Efeler ve S\u00f6ke il\u00e7elerinde binlerce vatanda\u015fa ula\u015ft\u0131r\u0131ld\u0131. Vatanda\u015flar\u0131n kandilini kutlayan Ayd\u0131n B\u00fcy\u00fck\u015fehir Belediye Ba\u015fkan\u0131 \u00d6zlem \u00c7er\u00e7io\u011flu, &#8220;Mira\u00e7 Kandili\u2019nin t\u00fcm insanl\u0131\u011fa sa\u011fl\u0131k, bar\u0131\u015f ve huzur getirmesi&#8230;<\/p>\n","protected":false},"author":1,"featured_media":12575,"comment_status":"open","ping_status":"open","sticky":false,"template":"","format":"standard","meta":{"_crdt_document":"","footnotes":""},"categories":[1],"tags":[],"class_list":["post-12574","post","type-post","status-publish","format-standard","has-post-thumbnail","hentry","category-guncel"],"_links":{"self":[{"href":"https:\/\/www.egemtv.com\/index.php?rest_route=\/wp\/v2\/posts\/12574","targetHints":{"allow":["GET"]}}],"collection":[{"href":"https:\/\/www.egemtv.com\/index.php?rest_route=\/wp\/v2\/posts"}],"about":[{"href":"https:\/\/www.egemtv.com\/index.php?rest_route=\/wp\/v2\/types\/post"}],"author":[{"embeddable":true,"href":"https:\/\/www.egemtv.com\/index.php?rest_route=\/wp\/v2\/users\/1"}],"replies":[{"embeddable":true,"href":"https:\/\/www.egemtv.com\/index.php?rest_route=%2Fwp%2Fv2%2Fcomments&post=12574"}],"version-history":[{"count":1,"href":"https:\/\/www.egemtv.com\/index.php?rest_route=\/wp\/v2\/posts\/12574\/revisions"}],"predecessor-version":[{"id":12576,"href":"https:\/\/www.egemtv.com\/index.php?rest_route=\/wp\/v2\/posts\/12574\/revisions\/12576"}],"wp:featuredmedia":[{"embeddable":true,"href":"https:\/\/www.egemtv.com\/index.php?rest_route=\/wp\/v2\/media\/12575"}],"wp:attachment":[{"href":"https:\/\/www.egemtv.com\/index.php?rest_route=%2Fwp%2Fv2%2Fmedia&parent=12574"}],"wp:term":[{"taxonomy":"category","embeddable":true,"href":"https:\/\/www.egemtv.com\/index.php?rest_route=%2Fwp%2Fv2%2Fcategories&post=12574"},{"taxonomy":"post_tag","embeddable":true,"href":"https:\/\/www.egemtv.com\/index.php?rest_route=%2Fwp%2Fv2%2Ftags&post=12574"}],"curies":[{"name":"wp","href":"https:\/\/api.w.org\/{rel}","templated":true}]}}