{"id":12570,"date":"2025-01-26T15:58:24","date_gmt":"2025-01-26T12:58:24","guid":{"rendered":"https:\/\/www.egemtv.com\/?p=12570"},"modified":"2025-01-26T15:58:26","modified_gmt":"2025-01-26T12:58:26","slug":"sokede-deve-guresi-festivali-renkli-gecti-2","status":"publish","type":"post","link":"https:\/\/www.egemtv.com\/?p=12570","title":{"rendered":"S\u00f6ke\u2019de Deve G\u00fcre\u015fi Festivali renkli ge\u00e7ti"},"content":{"rendered":"<p>Bu y\u0131l 10\u2019uncusu yap\u0131lan S\u00f6ke Deve G\u00fcre\u015fi Festivali; S\u00f6ke Belediye Ba\u015fkan\u0131 Dr. Mustafa \u0130berya Ar\u0131kan\u2019\u0131n himayesinde S\u00f6ke Deveciler Derne\u011fi taraf\u0131ndan d\u00fczenlendi.<\/p>\n<p>Ege, Akdeniz ve Marmara b\u00f6lgelerinin naml\u0131 develerinin kat\u0131l\u0131m\u0131yla S\u00f6ke-Milas Karayolu \u00fczeri Ma\u011fazalar Mevkii\u2019nde d\u00fczenlenen 10. Geleneksel Deve G\u00fcre\u015fi Festivali bahar havas\u0131nda ger\u00e7ekle\u015fti.<\/p>\n<p>S\u00f6ke Kaymakam\u0131 Ali Ak\u00e7a, Ayd\u0131n B\u00fcy\u00fck\u015fehir Belediye Ba\u015fkan\u0131 \u00d6zlem \u00c7er\u00e7io\u011flu, S\u00f6ke Belediye Ba\u015fkan\u0131 Dr. Mustafa \u0130berya Ar\u0131kan, CHP Ayd\u0131n \u0130l Ba\u015fkan\u0131 Hikmet Saat\u00e7i, \u00c7evre il\u00e7elerin belediye ba\u015fkanlar\u0131, muhtarlar\u0131n yan\u0131 s\u0131ra \u00e7ok say\u0131da i\u015f, siyaset ve sivil toplum \u00f6rg\u00fclerinin temsilcileri kat\u0131ld\u0131. Bahar havas\u0131n\u0131 aratmayan g\u00fcne\u015fli bir havada ger\u00e7ekle\u015fen g\u00fcre\u015fe S\u00f6keliler adeta ak\u0131n etti, g\u00fcre\u015flere Ege B\u00f6lgesi\u2019nin farkl\u0131 \u015fehirlerinden de \u00e7ok say\u0131da insan kat\u0131ld\u0131.<\/p>\n<p>Herkesi memnun eden bir organizasyon ile ger\u00e7ekle\u015fen festivalde yap\u0131lan g\u00fcre\u015flerde galip gelen \u015fampiyon develer kupalar\u0131n\u0131 ald\u0131.<\/p>\n<p>S\u00f6ke Belediye Ba\u015fkan\u0131 Dr. Mustafa \u0130berya Ar\u0131kan, \u201cG\u00fcre\u015f festivalinin ger\u00e7ekle\u015fmesine katk\u0131 sa\u011flayan herkese \u00e7ok te\u015fekk\u00fcr ediyorum. Bu k\u00fclt\u00fcr\u00fcn s\u00fcrd\u00fcr\u00fclmesi, halk\u0131m\u0131z\u0131n g\u00f6sterdi\u011fi tevecc\u00fch olduk\u00e7a devam edecek. S\u00f6ke Belediyesi olarak deve g\u00fcre\u015fleri k\u00fclt\u00fcr\u00fcne destek vermeye devam edece\u011fiz\u201d dedi.<\/p>\n<p>S\u00f6ke Deveciler Derne\u011fi Ba\u015fkan\u0131 Mehmet Yava\u015f, Ayd\u0131n B\u00fcy\u00fck\u015fehir Belediye Ba\u015fkan\u0131 \u00d6zlem \u00c7er\u00e7io\u011flu ve S\u00f6ke Belediye Ba\u015fkan\u0131 Dr. Mustafa \u0130berya Ar\u0131kan\u2019a, deve g\u00fcre\u015flerine verdikleri destek i\u00e7in te\u015fekk\u00fcr ederken, \u00e7i\u00e7ek takdim ettiler.<br \/><\/p>\n","protected":false},"excerpt":{"rendered":"<p>Bu y\u0131l 10\u2019uncusu yap\u0131lan S\u00f6ke Deve G\u00fcre\u015fi Festivali; S\u00f6ke Belediye Ba\u015fkan\u0131 Dr. Mustafa \u0130berya Ar\u0131kan\u2019\u0131n himayesinde S\u00f6ke Deveciler Derne\u011fi taraf\u0131ndan d\u00fczenlendi. Ege, Akdeniz ve Marmara b\u00f6lgelerinin naml\u0131 develerinin kat\u0131l\u0131m\u0131yla S\u00f6ke-Milas Karayolu \u00fczeri Ma\u011fazalar Mevkii\u2019nde d\u00fczenlenen 10. Geleneksel Deve G\u00fcre\u015fi Festivali bahar havas\u0131nda ger\u00e7ekle\u015fti. S\u00f6ke Kaymakam\u0131 Ali Ak\u00e7a, Ayd\u0131n B\u00fcy\u00fck\u015fehir Belediye Ba\u015fkan\u0131 \u00d6zlem \u00c7er\u00e7io\u011flu, S\u00f6ke Belediye&#8230;<\/p>\n","protected":false},"author":1,"featured_media":12571,"comment_status":"open","ping_status":"open","sticky":false,"template":"","format":"standard","meta":{"_crdt_document":"","footnotes":""},"categories":[1],"tags":[],"class_list":["post-12570","post","type-post","status-publish","format-standard","has-post-thumbnail","hentry","category-guncel"],"_links":{"self":[{"href":"https:\/\/www.egemtv.com\/index.php?rest_route=\/wp\/v2\/posts\/12570","targetHints":{"allow":["GET"]}}],"collection":[{"href":"https:\/\/www.egemtv.com\/index.php?rest_route=\/wp\/v2\/posts"}],"about":[{"href":"https:\/\/www.egemtv.com\/index.php?rest_route=\/wp\/v2\/types\/post"}],"author":[{"embeddable":true,"href":"https:\/\/www.egemtv.com\/index.php?rest_route=\/wp\/v2\/users\/1"}],"replies":[{"embeddable":true,"href":"https:\/\/www.egemtv.com\/index.php?rest_route=%2Fwp%2Fv2%2Fcomments&post=12570"}],"version-history":[{"count":1,"href":"https:\/\/www.egemtv.com\/index.php?rest_route=\/wp\/v2\/posts\/12570\/revisions"}],"predecessor-version":[{"id":12573,"href":"https:\/\/www.egemtv.com\/index.php?rest_route=\/wp\/v2\/posts\/12570\/revisions\/12573"}],"wp:featuredmedia":[{"embeddable":true,"href":"https:\/\/www.egemtv.com\/index.php?rest_route=\/wp\/v2\/media\/12571"}],"wp:attachment":[{"href":"https:\/\/www.egemtv.com\/index.php?rest_route=%2Fwp%2Fv2%2Fmedia&parent=12570"}],"wp:term":[{"taxonomy":"category","embeddable":true,"href":"https:\/\/www.egemtv.com\/index.php?rest_route=%2Fwp%2Fv2%2Fcategories&post=12570"},{"taxonomy":"post_tag","embeddable":true,"href":"https:\/\/www.egemtv.com\/index.php?rest_route=%2Fwp%2Fv2%2Ftags&post=12570"}],"curies":[{"name":"wp","href":"https:\/\/api.w.org\/{rel}","templated":true}]}}