{"id":12565,"date":"2025-01-26T15:35:39","date_gmt":"2025-01-26T12:35:39","guid":{"rendered":"https:\/\/www.egemtv.com\/?p=12565"},"modified":"2025-01-26T15:35:43","modified_gmt":"2025-01-26T12:35:43","slug":"manisada-kopek-katliami","status":"publish","type":"post","link":"https:\/\/www.egemtv.com\/?p=12565","title":{"rendered":"Manisa\u2019da k\u00f6pek katliam\u0131"},"content":{"rendered":"<p>Manisa\u2019n\u0131n \u015eehzadeler il\u00e7esinde vatanda\u015flar taraf\u0131ndan beslenen sokak k\u00f6pekleri kimli\u011fi belirsiz ki\u015filerce zehirlendi. Onlarca k\u00f6pek hayvanseverler taraf\u0131ndan \u00f6l\u00fc olarak bulundu.<br \/>\n<br \/>Olay Manisa\u2019n\u0131n \u015eehzadeler il\u00e7esi Sancakl\u0131bozk\u00f6y Mahallesi\u2019nde meydana geldi. Edinilen bilgiye g\u00f6re, Sancakl\u0131bozk\u00f6y TOK\u0130 konutlar\u0131n\u0131n oldu\u011fu alanda vatanda\u015flar taraf\u0131ndan sokaktan beslenen k\u00f6pekler sabah saatlerinde \u00f6l\u00fc bulundu. K\u00f6pekleri besleyen vatanda\u015flardan Yasemin Deniz, k\u00f6peklere mama b\u0131rakmak istedi\u011fi s\u0131rada hayvanlar\u0131n a\u011fz\u0131ndan salyalar\u0131n akt\u0131\u011f\u0131n\u0131 ve hareketsiz \u015fekilde yatar halde oldu\u011funu fark etti. K\u00f6peklerin zehirlenmesinin anla\u015f\u0131lmas\u0131n\u0131n ard\u0131ndan vatanda\u015flar durumu jandarma ekiplerine haber verdi. K\u00f6pekleri zehirleyen \u015fah\u0131slar\u0131n bulunmas\u0131 amac\u0131yla \u00e7al\u0131\u015fma ba\u015flat\u0131ld\u0131.<br \/><\/p>\n","protected":false},"excerpt":{"rendered":"<p>Manisa\u2019n\u0131n \u015eehzadeler il\u00e7esinde vatanda\u015flar taraf\u0131ndan beslenen sokak k\u00f6pekleri kimli\u011fi belirsiz ki\u015filerce zehirlendi. Onlarca k\u00f6pek hayvanseverler taraf\u0131ndan \u00f6l\u00fc olarak bulundu. Olay Manisa\u2019n\u0131n \u015eehzadeler il\u00e7esi Sancakl\u0131bozk\u00f6y Mahallesi\u2019nde meydana geldi. Edinilen bilgiye g\u00f6re, Sancakl\u0131bozk\u00f6y TOK\u0130 konutlar\u0131n\u0131n oldu\u011fu alanda vatanda\u015flar taraf\u0131ndan sokaktan beslenen k\u00f6pekler sabah saatlerinde \u00f6l\u00fc bulundu. K\u00f6pekleri besleyen vatanda\u015flardan Yasemin Deniz, k\u00f6peklere mama b\u0131rakmak istedi\u011fi s\u0131rada hayvanlar\u0131n&#8230;<\/p>\n","protected":false},"author":1,"featured_media":12566,"comment_status":"open","ping_status":"open","sticky":false,"template":"","format":"standard","meta":{"_crdt_document":"","footnotes":""},"categories":[5],"tags":[],"class_list":["post-12565","post","type-post","status-publish","format-standard","has-post-thumbnail","hentry","category-asayis"],"_links":{"self":[{"href":"https:\/\/www.egemtv.com\/index.php?rest_route=\/wp\/v2\/posts\/12565","targetHints":{"allow":["GET"]}}],"collection":[{"href":"https:\/\/www.egemtv.com\/index.php?rest_route=\/wp\/v2\/posts"}],"about":[{"href":"https:\/\/www.egemtv.com\/index.php?rest_route=\/wp\/v2\/types\/post"}],"author":[{"embeddable":true,"href":"https:\/\/www.egemtv.com\/index.php?rest_route=\/wp\/v2\/users\/1"}],"replies":[{"embeddable":true,"href":"https:\/\/www.egemtv.com\/index.php?rest_route=%2Fwp%2Fv2%2Fcomments&post=12565"}],"version-history":[{"count":1,"href":"https:\/\/www.egemtv.com\/index.php?rest_route=\/wp\/v2\/posts\/12565\/revisions"}],"predecessor-version":[{"id":12567,"href":"https:\/\/www.egemtv.com\/index.php?rest_route=\/wp\/v2\/posts\/12565\/revisions\/12567"}],"wp:featuredmedia":[{"embeddable":true,"href":"https:\/\/www.egemtv.com\/index.php?rest_route=\/wp\/v2\/media\/12566"}],"wp:attachment":[{"href":"https:\/\/www.egemtv.com\/index.php?rest_route=%2Fwp%2Fv2%2Fmedia&parent=12565"}],"wp:term":[{"taxonomy":"category","embeddable":true,"href":"https:\/\/www.egemtv.com\/index.php?rest_route=%2Fwp%2Fv2%2Fcategories&post=12565"},{"taxonomy":"post_tag","embeddable":true,"href":"https:\/\/www.egemtv.com\/index.php?rest_route=%2Fwp%2Fv2%2Ftags&post=12565"}],"curies":[{"name":"wp","href":"https:\/\/api.w.org\/{rel}","templated":true}]}}