{"id":12562,"date":"2025-01-26T15:25:34","date_gmt":"2025-01-26T12:25:34","guid":{"rendered":"https:\/\/www.egemtv.com\/?p=12562"},"modified":"2025-01-26T15:25:36","modified_gmt":"2025-01-26T12:25:36","slug":"bilim-yunusemre-yariyil-tatilinde-ogrencileri-agirladi","status":"publish","type":"post","link":"https:\/\/www.egemtv.com\/?p=12562","title":{"rendered":"Bilim Yunusemre yar\u0131y\u0131l tatilinde \u00f6\u011frencileri a\u011f\u0131rlad\u0131"},"content":{"rendered":"<p>Yunusemre Belediye Ba\u015fkan\u0131 Semih Balaban, Bilim Yunusemre\u2019yi ziyaret ederek \u00f6\u011frencilerin yar\u0131y\u0131l tatili co\u015fkusuna ortak oldu.<br \/>\n<br \/>Gelece\u011fin bilim insanlar\u0131n\u0131n ve mucitlerinin ke\u015ffedildi\u011fi, gen\u00e7lerin bilim ve teknolojiye merak\u0131n\u0131n uygulamayla ye\u015ferdi\u011fi Bilim Yunusemre\u2019de yar\u0131y\u0131l tatili program\u0131 kapsam\u0131nda bir dizi etkinlik d\u00fczenlendi. Yunus Emre Millet \u00c7ar\u015f\u0131s\u0131\u2019nda yer alan etkinliklere Yunusemre Belediye Ba\u015fkan\u0131 Semih Balaban da kat\u0131ld\u0131. Bilim \u015eenli\u011fi\u2019nde yer alan \u00f6\u011frencilerle tek tek sohbet eden Ba\u015fkan Balaban, ard\u0131ndan \u00e7ocuklarla birlikte e\u011fitmenlerin sundu\u011fu deney \u015fovlar\u0131n\u0131 izledi. \u00c7ocuklarla foto\u011fraf \u00e7ektiren Belediye Ba\u015fkan\u0131 Semih Balaban, miniklerin merakl\u0131 sorular\u0131na da ilgiyle yan\u0131t verdi. Deney \u015fovlar\u0131n\u0131n ard\u0131ndan kurulan oyun alanlar\u0131na giden Ba\u015fkan Balaban, burada \u00e7ocuklar\u0131n oynad\u0131\u011f\u0131 oyunlar\u0131 mutlulukla izledi. Son olarak Bilim Yunusemre\u2019de yar\u0131\u015fmalara haz\u0131rlanan gen\u00e7leri ziyaret edip, \u00e7al\u0131\u015fmalar\u0131 hakk\u0131nda bilgi alan Ba\u015fkan Balaban, gen\u00e7lere yanlar\u0131nda olduklar\u0131n\u0131 s\u00f6yledi.<br \/><\/p>\n","protected":false},"excerpt":{"rendered":"<p>Yunusemre Belediye Ba\u015fkan\u0131 Semih Balaban, Bilim Yunusemre\u2019yi ziyaret ederek \u00f6\u011frencilerin yar\u0131y\u0131l tatili co\u015fkusuna ortak oldu. Gelece\u011fin bilim insanlar\u0131n\u0131n ve mucitlerinin ke\u015ffedildi\u011fi, gen\u00e7lerin bilim ve teknolojiye merak\u0131n\u0131n uygulamayla ye\u015ferdi\u011fi Bilim Yunusemre\u2019de yar\u0131y\u0131l tatili program\u0131 kapsam\u0131nda bir dizi etkinlik d\u00fczenlendi. Yunus Emre Millet \u00c7ar\u015f\u0131s\u0131\u2019nda yer alan etkinliklere Yunusemre Belediye Ba\u015fkan\u0131 Semih Balaban da kat\u0131ld\u0131. Bilim \u015eenli\u011fi\u2019nde yer&#8230;<\/p>\n","protected":false},"author":1,"featured_media":12563,"comment_status":"open","ping_status":"open","sticky":false,"template":"","format":"standard","meta":{"_crdt_document":"","footnotes":""},"categories":[1],"tags":[],"class_list":["post-12562","post","type-post","status-publish","format-standard","has-post-thumbnail","hentry","category-guncel"],"_links":{"self":[{"href":"https:\/\/www.egemtv.com\/index.php?rest_route=\/wp\/v2\/posts\/12562","targetHints":{"allow":["GET"]}}],"collection":[{"href":"https:\/\/www.egemtv.com\/index.php?rest_route=\/wp\/v2\/posts"}],"about":[{"href":"https:\/\/www.egemtv.com\/index.php?rest_route=\/wp\/v2\/types\/post"}],"author":[{"embeddable":true,"href":"https:\/\/www.egemtv.com\/index.php?rest_route=\/wp\/v2\/users\/1"}],"replies":[{"embeddable":true,"href":"https:\/\/www.egemtv.com\/index.php?rest_route=%2Fwp%2Fv2%2Fcomments&post=12562"}],"version-history":[{"count":1,"href":"https:\/\/www.egemtv.com\/index.php?rest_route=\/wp\/v2\/posts\/12562\/revisions"}],"predecessor-version":[{"id":12564,"href":"https:\/\/www.egemtv.com\/index.php?rest_route=\/wp\/v2\/posts\/12562\/revisions\/12564"}],"wp:featuredmedia":[{"embeddable":true,"href":"https:\/\/www.egemtv.com\/index.php?rest_route=\/wp\/v2\/media\/12563"}],"wp:attachment":[{"href":"https:\/\/www.egemtv.com\/index.php?rest_route=%2Fwp%2Fv2%2Fmedia&parent=12562"}],"wp:term":[{"taxonomy":"category","embeddable":true,"href":"https:\/\/www.egemtv.com\/index.php?rest_route=%2Fwp%2Fv2%2Fcategories&post=12562"},{"taxonomy":"post_tag","embeddable":true,"href":"https:\/\/www.egemtv.com\/index.php?rest_route=%2Fwp%2Fv2%2Ftags&post=12562"}],"curies":[{"name":"wp","href":"https:\/\/api.w.org\/{rel}","templated":true}]}}