{"id":12558,"date":"2025-01-26T15:05:50","date_gmt":"2025-01-26T12:05:50","guid":{"rendered":"https:\/\/www.egemtv.com\/?p=12558"},"modified":"2025-01-26T15:05:52","modified_gmt":"2025-01-26T12:05:52","slug":"endustriyel-atik-dokumlerine-karsi-kararli-mucadele-2","status":"publish","type":"post","link":"https:\/\/www.egemtv.com\/?p=12558","title":{"rendered":"End\u00fcstriyel at\u0131k d\u00f6k\u00fcmlerine kar\u015f\u0131 kararl\u0131 m\u00fccadele"},"content":{"rendered":"<p>Manisa B\u00fcy\u00fck\u015fehir Belediyesi, \u00c7evre \u015eehircilik ve \u0130klim De\u011fi\u015fikli\u011fi \u0130l M\u00fcd\u00fcrl\u00fc\u011f\u00fc ile Jandarma ekiplerinin i\u015f birli\u011finde ka\u00e7ak end\u00fcstriyel at\u0131k d\u00f6k\u00fcmlerinin engellenmesi amac\u0131yla denetimlerini s\u00fcr\u00fcyor.<br \/>\n<br \/>Manisa\u2019n\u0131n daha ya\u015fan\u0131labilir ve \u00e7evreye duyarl\u0131 bir kent olmas\u0131 amac\u0131yla y\u00fcr\u00fct\u00fclen denetimlerde tespit edilen ka\u00e7ak d\u00f6k\u00fcmler nedeniyle cezai i\u015flem uyguland\u0131. Daha ye\u015fil bir Manisa hedefi do\u011frultusunda hava, su ve toprak kirlili\u011fini \u00f6nlemek i\u00e7in denetimlerin aral\u0131ks\u0131z olarak devam edece\u011fi belirtildi.<br \/>\n<br \/>Ka\u00e7ak end\u00fcstriyel at\u0131k d\u00f6k\u00fcmlerinin engellenmesi amac\u0131yla \u00c7evre, \u015eehircilik ve \u0130klim De\u011fi\u015fikli\u011fi \u0130l M\u00fcd\u00fcrl\u00fc\u011f\u00fc, Manisa B\u00fcy\u00fck\u015fehir Belediyesi \u0130klim De\u011fi\u015fikli\u011fi ve S\u0131f\u0131r At\u0131k Dairesi Ba\u015fkanl\u0131\u011f\u0131 ile Jandarma ekiplerinin i\u015f birli\u011fiyle Kula \u0130l\u00e7esi\u2019nde denetim ger\u00e7ekle\u015ftirildi. Denetimler sonucunda end\u00fcstriyel at\u0131klar\u0131, bertaraf tesislerinde imha etmesi gerekirken ka\u00e7ak olarak do\u011faya b\u0131rakt\u0131\u011f\u0131 tespit edilen at\u0131k firmas\u0131 ile nakliye firmas\u0131na cezai i\u015flem uyguland\u0131.<br \/>\n<br \/>\u00c7evre kirlili\u011finin \u00f6nlenmesi ve \u00e7evresel s\u00fcrd\u00fcr\u00fclebilirli\u011fin sa\u011flanmas\u0131 ad\u0131na denetimler kararl\u0131l\u0131kla y\u00fcr\u00fct\u00fcld\u00fc\u011f\u00fcn\u00fc ifade eden Manisa B\u00fcy\u00fck\u015fehir Belediyesi \u0130klim De\u011fi\u015fikli\u011fi ve S\u0131f\u0131r At\u0131k Dairesi Ba\u015fkanl\u0131\u011f\u0131 yetkilileri, \u00e7evre kirlili\u011fine sebep olan ki\u015fi ve kurumlara kar\u015f\u0131 yasal i\u015flemlerin de titizlikle takip edildi\u011fini kaydetti. Temiz bir \u00e7evre i\u00e7in s\u00fcrd\u00fcr\u00fclen \u00e7al\u0131\u015fmalar\u0131n hem bug\u00fcn\u00fc hem de gelecek nesilleri korumak ad\u0131na b\u00fcy\u00fck \u00f6nem ta\u015f\u0131d\u0131\u011f\u0131 vurgulan\u0131rken daha ye\u015fil bir Manisa hedefi do\u011frultusunda hava, su ve toprak kirlili\u011fini \u00f6nlemek i\u00e7in denetimlerin aral\u0131ks\u0131z devam edece\u011fi ifade edildi.<br \/><\/p>\n","protected":false},"excerpt":{"rendered":"<p>Manisa B\u00fcy\u00fck\u015fehir Belediyesi, \u00c7evre \u015eehircilik ve \u0130klim De\u011fi\u015fikli\u011fi \u0130l M\u00fcd\u00fcrl\u00fc\u011f\u00fc ile Jandarma ekiplerinin i\u015f birli\u011finde ka\u00e7ak end\u00fcstriyel at\u0131k d\u00f6k\u00fcmlerinin engellenmesi amac\u0131yla denetimlerini s\u00fcr\u00fcyor. Manisa\u2019n\u0131n daha ya\u015fan\u0131labilir ve \u00e7evreye duyarl\u0131 bir kent olmas\u0131 amac\u0131yla y\u00fcr\u00fct\u00fclen denetimlerde tespit edilen ka\u00e7ak d\u00f6k\u00fcmler nedeniyle cezai i\u015flem uyguland\u0131. Daha ye\u015fil bir Manisa hedefi do\u011frultusunda hava, su ve toprak kirlili\u011fini \u00f6nlemek&#8230;<\/p>\n","protected":false},"author":1,"featured_media":12559,"comment_status":"open","ping_status":"open","sticky":false,"template":"","format":"standard","meta":{"_crdt_document":"","footnotes":""},"categories":[1],"tags":[],"class_list":["post-12558","post","type-post","status-publish","format-standard","has-post-thumbnail","hentry","category-guncel"],"_links":{"self":[{"href":"https:\/\/www.egemtv.com\/index.php?rest_route=\/wp\/v2\/posts\/12558","targetHints":{"allow":["GET"]}}],"collection":[{"href":"https:\/\/www.egemtv.com\/index.php?rest_route=\/wp\/v2\/posts"}],"about":[{"href":"https:\/\/www.egemtv.com\/index.php?rest_route=\/wp\/v2\/types\/post"}],"author":[{"embeddable":true,"href":"https:\/\/www.egemtv.com\/index.php?rest_route=\/wp\/v2\/users\/1"}],"replies":[{"embeddable":true,"href":"https:\/\/www.egemtv.com\/index.php?rest_route=%2Fwp%2Fv2%2Fcomments&post=12558"}],"version-history":[{"count":1,"href":"https:\/\/www.egemtv.com\/index.php?rest_route=\/wp\/v2\/posts\/12558\/revisions"}],"predecessor-version":[{"id":12561,"href":"https:\/\/www.egemtv.com\/index.php?rest_route=\/wp\/v2\/posts\/12558\/revisions\/12561"}],"wp:featuredmedia":[{"embeddable":true,"href":"https:\/\/www.egemtv.com\/index.php?rest_route=\/wp\/v2\/media\/12559"}],"wp:attachment":[{"href":"https:\/\/www.egemtv.com\/index.php?rest_route=%2Fwp%2Fv2%2Fmedia&parent=12558"}],"wp:term":[{"taxonomy":"category","embeddable":true,"href":"https:\/\/www.egemtv.com\/index.php?rest_route=%2Fwp%2Fv2%2Fcategories&post=12558"},{"taxonomy":"post_tag","embeddable":true,"href":"https:\/\/www.egemtv.com\/index.php?rest_route=%2Fwp%2Fv2%2Ftags&post=12558"}],"curies":[{"name":"wp","href":"https:\/\/api.w.org\/{rel}","templated":true}]}}