{"id":12553,"date":"2025-01-26T15:05:44","date_gmt":"2025-01-26T12:05:44","guid":{"rendered":"https:\/\/www.egemtv.com\/?p=12553"},"modified":"2025-01-26T15:05:47","modified_gmt":"2025-01-26T12:05:47","slug":"manisa-buyuksehir-belediyesi-ureticiden-tuketiciye-kopru-oldu","status":"publish","type":"post","link":"https:\/\/www.egemtv.com\/?p=12553","title":{"rendered":"Manisa B\u00fcy\u00fck\u015fehir Belediyesi \u00fcreticiden t\u00fcketiciye k\u00f6pr\u00fc oldu"},"content":{"rendered":"<p>Manisa B\u00fcy\u00fck\u015fehir Belediyesi, \u00fcreticilerin gelirlerinin artt\u0131rmas\u0131 amac\u0131yla kooperatiflere deste\u011fini ve i\u015f birli\u011fini s\u00fcrd\u00fcr\u00fcyor. Salihli il\u00e7esinde bulunan Salihli Y\u0131lmaz S\u00fct \u00dcreticileri ve Tar\u0131msal Kalk\u0131nma Kooperatifi ile yap\u0131lan i\u015f birli\u011fi ile hastal\u0131ktan ari s\u00fctlerin, uygun fiyatla vatanda\u015flarla bulu\u015fturulmas\u0131 amac\u0131yla s\u00fct toplama ve paketleme tesisi kuruldu.<br \/>\n<br \/>Manisa B\u00fcy\u00fck\u015fehir Belediyesi\u2019nin k\u0131rsal kalk\u0131nma ve kooperatif\u00e7ilik konusundaki kararl\u0131 ad\u0131mlar\u0131, hem \u00fcreticilere hem de t\u00fcketicilere y\u00f6nelik faydalar sunuyor. Belediye, \u00f6zellikle s\u00fct \u00fcreticilerine sa\u011flad\u0131\u011f\u0131 destekle, k\u0131rsal kalk\u0131nman\u0131n \u00f6nemli bir par\u00e7as\u0131 olan kooperatif\u00e7ili\u011fi g\u00fc\u00e7lendirerek ekonomik ve sosyal bir model olu\u015fturmay\u0131 hedefliyor. Tohumdan g\u00fcbre deste\u011fine kadar bir\u00e7ok konuda \u00fcreticilere ve kooperatiflere destek olan Manisa B\u00fcy\u00fck\u015fehir Belediyesi, yapt\u0131\u011f\u0131 ziyaretlerle de kooperatiflerin taleplerini dinliyor, olabilecek i\u015f birlikleri \u00fczerine fikir al\u0131\u015fveri\u015finde bulunuyor. Bu kapsamda, Manisa B\u00fcy\u00fck\u015fehir Belediyesi Ba\u015fkan Dan\u0131\u015fman\u0131 Prof. Dr. Yusuf Kurucu, K\u0131rsal Hizmetler Dairesi Ba\u015fkan\u0131 Y\u0131lmaz Usta ve Manisa B\u00fcy\u00fck\u015fehir Belediyesi Tar\u0131m A.\u015e. Genel M\u00fcd\u00fcr\u00fc Salih Fulcun, Salihli Y\u0131lmaz S\u00fct \u00dcreticileri ve Tar\u0131msal Kalk\u0131nma Kooperatifi\u2019ni ziyaret etti. Kooperatif Ba\u015fkan\u0131 Kudret Gergin ve \u00fcyelerinin yer ald\u0131\u011f\u0131 ziyarette, s\u00fct \u00fcretim ve paketleme merkezi ve i\u015f birlikleri \u00fczerine fikir al\u0131\u015fveri\u015finde bulunuldu.<br \/>\n<br \/>Manisa B\u00fcy\u00fck\u015fehir Belediye Ba\u015fkan\u0131 Ferdi Zeyrek\u2019in liderli\u011finde, k\u0131rsal kalk\u0131nma ve kooperatif\u00e7ili\u011fin geli\u015fmesi i\u00e7in \u00f6nemli projelerin hayata ge\u00e7irildi\u011fini s\u00f6yleyen Prof. Dr. Yusuf Kurucu, kooperatiflerin desteklenmesinin hem g\u0131da g\u00fcvenli\u011fini art\u0131raca\u011f\u0131n\u0131 hem de \u00fcreticilerin gelirlerini y\u00fckseltece\u011fini vurgulad\u0131.  Prof. Dr. Kurucu, Ba\u015fkan Ferdi Zeyrek\u2019in kooperatiflere b\u00fcy\u00fck \u00f6nem verdi\u011finin alt\u0131n\u0131 \u00e7izerek, bu projelerin, \u00fcreticilere ekonomik fayda sa\u011flarken t\u00fcketicilerin de sa\u011fl\u0131kl\u0131 ve uygun fiyatl\u0131 g\u0131da \u00fcr\u00fcnlerine eri\u015fimini kolayla\u015ft\u0131rd\u0131\u011f\u0131n\u0131 ifade etti. Kurucu, Manisa B\u00fcy\u00fck\u015fehir Belediyesi olarak k\u0131rsal kalk\u0131nmay\u0131 desteklemeye devam edeceklerini s\u00f6yledi.<br \/>\n<br \/>Manisa B\u00fcy\u00fck\u015fehir Belediyesi Tar\u0131m A.\u015e. Genel M\u00fcd\u00fcr\u00fc Salih Fulcun, \u00f6zellikle s\u00fct \u00fcreticilerine y\u00f6nelik ba\u015flat\u0131lan projelerin se\u00e7im d\u00f6neminde Ba\u015fkan Ferdi Zeyrek\u2019in taahh\u00fctleri aras\u0131nda bulundu\u011funu belirterek, \u201cSe\u00e7imin ard\u0131ndan \u00e7al\u0131\u015fmalar\u0131n\u0131 hemen ba\u015flatt\u0131k. Bu noktada kooperatiflerle toplant\u0131lar yap\u0131yoruz ve ihtiya\u00e7lar\u0131 belirliyoruz. \u0130yi \u00f6rg\u00fctlenmi\u015f, \u00fcyesi fazla olan, kaliteli s\u00fct \u00fcreten Y\u0131lmaz S\u00fct \u00dcreticileri ve Tar\u0131msal Kalk\u0131nma Kooperatifi ile i\u015f birli\u011fi protokol\u00fc imzalad\u0131k. Vatanda\u015flar\u0131n \u00e7i\u011f s\u00fct talebini kar\u015f\u0131lamak i\u00e7in y\u00fcksek kaliteli, hastal\u0131ktan ari s\u00fctlerin, uygun fiyatla vatanda\u015flarla bulu\u015fturulmas\u0131na y\u00f6nelik s\u00fct toplama merkezi ve paketleme tesisi kuruldu. Bununla ilgili d\u00f6rt ayl\u0131k s\u00fcrede yap\u0131lan \u00e7al\u0131\u015fmalar ile t\u00fcm izinler al\u0131nd\u0131. S\u00fctlerin hastal\u0131ktan ari olup olmad\u0131\u011f\u0131 denetlendi. O b\u00f6lgede bulunan \u00fcreticilerin s\u00fctleri al\u0131n\u0131yor, paketlenerek Manisa B\u00fcy\u00fck\u015fehir Belediyesi\u2019nin sosyal belediyecilik hizmetleri aras\u0131nda yer alan Halk Mand\u0131ra arac\u0131l\u0131\u011f\u0131yla t\u00fcketicilerle bulu\u015fuyor. Tesisin g\u00fcnl\u00fck 15 ton s\u00fct i\u015fleme kapasitesi var. Zaman i\u00e7inde bu kapasiteyi artt\u0131rmay\u0131 hedefliyoruz. Salihli il\u00e7emizde ba\u015flayan bu pilot uygulama, ilerleyen zamanda di\u011fer il\u00e7elerimizde de yayg\u0131nla\u015facak\u201d ifadelerini kulland\u0131.<br \/>\n<br \/>Kooperatiflerin ve \u00fcreticilerin desteklenmesi, Manisa\u2019n\u0131n k\u0131rsal b\u00f6lgelerinde ekonomik kalk\u0131nmay\u0131 h\u0131zland\u0131rmay\u0131 hedeflerken ayn\u0131 zamanda s\u00fcrd\u00fcr\u00fclebilir tar\u0131m uygulamalar\u0131n\u0131 da te\u015fvik ediyor. Bu giri\u015fim, \u00fcreticilere ekonomik g\u00fcvence sa\u011flarken t\u00fcketicilerin de g\u00fcvenilir ve kaliteli s\u00fct \u00fcr\u00fcnlerine eri\u015fimini m\u00fcmk\u00fcn k\u0131l\u0131yor.<br \/><\/p>\n","protected":false},"excerpt":{"rendered":"<p>Manisa B\u00fcy\u00fck\u015fehir Belediyesi, \u00fcreticilerin gelirlerinin artt\u0131rmas\u0131 amac\u0131yla kooperatiflere deste\u011fini ve i\u015f birli\u011fini s\u00fcrd\u00fcr\u00fcyor. Salihli il\u00e7esinde bulunan Salihli Y\u0131lmaz S\u00fct \u00dcreticileri ve Tar\u0131msal Kalk\u0131nma Kooperatifi ile yap\u0131lan i\u015f birli\u011fi ile hastal\u0131ktan ari s\u00fctlerin, uygun fiyatla vatanda\u015flarla bulu\u015fturulmas\u0131 amac\u0131yla s\u00fct toplama ve paketleme tesisi kuruldu. Manisa B\u00fcy\u00fck\u015fehir Belediyesi\u2019nin k\u0131rsal kalk\u0131nma ve kooperatif\u00e7ilik konusundaki kararl\u0131 ad\u0131mlar\u0131, hem \u00fcreticilere&#8230;<\/p>\n","protected":false},"author":1,"featured_media":12554,"comment_status":"open","ping_status":"open","sticky":false,"template":"","format":"standard","meta":{"_crdt_document":"","footnotes":""},"categories":[125],"tags":[],"class_list":["post-12553","post","type-post","status-publish","format-standard","has-post-thumbnail","hentry","category-ekonomi"],"_links":{"self":[{"href":"https:\/\/www.egemtv.com\/index.php?rest_route=\/wp\/v2\/posts\/12553","targetHints":{"allow":["GET"]}}],"collection":[{"href":"https:\/\/www.egemtv.com\/index.php?rest_route=\/wp\/v2\/posts"}],"about":[{"href":"https:\/\/www.egemtv.com\/index.php?rest_route=\/wp\/v2\/types\/post"}],"author":[{"embeddable":true,"href":"https:\/\/www.egemtv.com\/index.php?rest_route=\/wp\/v2\/users\/1"}],"replies":[{"embeddable":true,"href":"https:\/\/www.egemtv.com\/index.php?rest_route=%2Fwp%2Fv2%2Fcomments&post=12553"}],"version-history":[{"count":1,"href":"https:\/\/www.egemtv.com\/index.php?rest_route=\/wp\/v2\/posts\/12553\/revisions"}],"predecessor-version":[{"id":12555,"href":"https:\/\/www.egemtv.com\/index.php?rest_route=\/wp\/v2\/posts\/12553\/revisions\/12555"}],"wp:featuredmedia":[{"embeddable":true,"href":"https:\/\/www.egemtv.com\/index.php?rest_route=\/wp\/v2\/media\/12554"}],"wp:attachment":[{"href":"https:\/\/www.egemtv.com\/index.php?rest_route=%2Fwp%2Fv2%2Fmedia&parent=12553"}],"wp:term":[{"taxonomy":"category","embeddable":true,"href":"https:\/\/www.egemtv.com\/index.php?rest_route=%2Fwp%2Fv2%2Fcategories&post=12553"},{"taxonomy":"post_tag","embeddable":true,"href":"https:\/\/www.egemtv.com\/index.php?rest_route=%2Fwp%2Fv2%2Ftags&post=12553"}],"curies":[{"name":"wp","href":"https:\/\/api.w.org\/{rel}","templated":true}]}}